{"id":74407,"date":"2024-07-22T16:42:30","date_gmt":"2024-07-22T14:42:30","guid":{"rendered":"https:\/\/artipelag.se\/?p=74407"},"modified":"2024-07-22T16:42:30","modified_gmt":"2024-07-22T14:42:30","slug":"bobby-medina-the-latin-american-jazz-experience-at-artipelags-terrace-on-july-28","status":"publish","type":"post","link":"https:\/\/artipelag.se\/en\/news\/bobby-medina-the-latin-american-jazz-experience-at-artipelags-terrace-on-july-28\/","title":{"rendered":"Bobby Medina &amp; The Latin American Jazz Experience at Artipelag&#8217;s Terrace on July 28"},"content":{"rendered":"<div class=\"max-w-screen-md mt-5 mx-auto first:mt-0\"><div\n  class=\"prose sm:prose-lg lg:prose-xl\"\n  x-data=\"\"\n  x-init=\"$nextTick(function () {\n    const videoEmbeds = document.querySelectorAll('.wp-block-embed.is-type-video');\n    videoEmbeds.forEach(function (embed) {\n      if (!embed.classList.contains('wp-embed-aspect-16-9') || !embed.classList.contains('wp-has-aspect-ratio')) {\n        embed.classList.add('wp-embed-aspect-16-9', 'wp-has-aspect-ratio');\n      }\n    });\n  })\"\n>\n  \n<p>Artipelag is delighted to welcome American trumpeter Bobby Medina and the ensemble The Latin American Jazz Experience. On July 28, they will perform jazz and Latin American classics as well as original compositions on Artipelag&#8217;s terrace.<\/p>\n\n<\/div>\n<\/div>\n\n<div class=\"max-w-screen-md mt-5 mx-auto first:mt-0\"><div\n  class=\"prose sm:prose-lg lg:prose-xl\"\n  x-data=\"\"\n  x-init=\"$nextTick(function () {\n    const videoEmbeds = document.querySelectorAll('.wp-block-embed.is-type-video');\n    videoEmbeds.forEach(function (embed) {\n      if (!embed.classList.contains('wp-embed-aspect-16-9') || !embed.classList.contains('wp-has-aspect-ratio')) {\n        embed.classList.add('wp-embed-aspect-16-9', 'wp-has-aspect-ratio');\n      }\n    });\n  })\"\n>\n  \n<div class=\"wp-block-buttons is-content-justification-center is-layout-flex wp-container-core-buttons-is-layout-16018d1d wp-block-buttons-is-layout-flex\">\n<div class=\"wp-block-button\"><a class=\"wp-block-button__link wp-element-button\" href=\"https:\/\/artipelag.se\/en\/at-artipelag\/bobby-medina-and-the-latin-american-jazz-experience\/\">Read more &amp; buy tickets<\/a><\/div>\n<\/div>\n\n<\/div>\n<\/div>","protected":false},"excerpt":{"rendered":"<p>Artipelag is delighted to welcome American trumpeter Bobby Medina and the ensemble The Latin American Jazz Experience. On July 28, they will perform jazz and Latin American classics as well as original compositions on Artipelag&#8217;s terrace.<\/p>\n","protected":false},"author":24,"featured_media":74404,"comment_status":"closed","ping_status":"closed","sticky":false,"template":"","format":"standard","meta":{"_acf_changed":false,"footnotes":""},"categories":[2],"tags":[],"class_list":["post-74407","post","type-post","status-publish","format-standard","has-post-thumbnail","hentry","category-news"],"acf":[],"yoast_head":"<!-- This site is optimized with the Yoast SEO Premium plugin v26.7 (Yoast SEO v26.7) - https:\/\/yoast.com\/wordpress\/plugins\/seo\/ -->\n<title>Bobby Medina &amp; The Latin American Jazz Experience at Artipelag<\/title>\n<meta name=\"description\" content=\"Enjoy a fantastic concert with Bobby Medina &amp; The Latin American Jazz Experience on the Artipelag terrace on 28 July.\" \/>\n<meta name=\"robots\" content=\"index, follow, max-snippet:-1, max-image-preview:large, max-video-preview:-1\" \/>\n<link rel=\"canonical\" href=\"https:\/\/artipelag.se\/en\/news\/bobby-medina-the-latin-american-jazz-experience-at-artipelags-terrace-on-july-28\/\" \/>\n<meta property=\"og:locale\" content=\"en_US\" \/>\n<meta property=\"og:type\" content=\"article\" \/>\n<meta property=\"og:title\" content=\"Bobby Medina &amp; The Latin American Jazz Experience at Artipelag&#039;s Terrace on July 28\" \/>\n<meta property=\"og:description\" content=\"Enjoy a fantastic concert with Bobby Medina &amp; The Latin American Jazz Experience on the Artipelag terrace on 28 July.\" \/>\n<meta property=\"og:url\" content=\"https:\/\/artipelag.se\/en\/news\/bobby-medina-the-latin-american-jazz-experience-at-artipelags-terrace-on-july-28\/\" \/>\n<meta property=\"og:site_name\" content=\"Artipelag\" \/>\n<meta property=\"article:publisher\" content=\"https:\/\/www.facebook.com\/artipelag\/\" \/>\n<meta property=\"article:published_time\" content=\"2024-07-22T14:42:30+00:00\" \/>\n<meta property=\"og:image\" content=\"https:\/\/artipelag.se\/app\/uploads\/2024\/07\/scensommar-28-juli-bobby-medina.jpg\" \/>\n\t<meta property=\"og:image:width\" content=\"1248\" \/>\n\t<meta property=\"og:image:height\" content=\"832\" \/>\n\t<meta property=\"og:image:type\" content=\"image\/jpeg\" \/>\n<meta name=\"author\" content=\"Josefin Sahlin\" \/>\n<meta name=\"twitter:card\" content=\"summary_large_image\" \/>\n<meta name=\"twitter:creator\" content=\"@artipelag\" \/>\n<meta name=\"twitter:site\" content=\"@artipelag\" \/>\n<meta name=\"twitter:label1\" content=\"Written by\" \/>\n\t<meta name=\"twitter:data1\" content=\"Josefin Sahlin\" \/>\n<script type=\"application\/ld+json\" class=\"yoast-schema-graph\">{\"@context\":\"https:\/\/schema.org\",\"@graph\":[{\"@type\":\"Article\",\"@id\":\"https:\/\/artipelag.se\/en\/news\/bobby-medina-the-latin-american-jazz-experience-at-artipelags-terrace-on-july-28\/#article\",\"isPartOf\":{\"@id\":\"https:\/\/artipelag.se\/en\/news\/bobby-medina-the-latin-american-jazz-experience-at-artipelags-terrace-on-july-28\/\"},\"author\":{\"name\":\"Josefin Sahlin\",\"@id\":\"https:\/\/artipelag.se\/en\/#\/schema\/person\/1f4a8402f7c223aa7e8baf2320681723\"},\"headline\":\"Bobby Medina &amp; The Latin American Jazz Experience at Artipelag&#8217;s Terrace on July 28\",\"datePublished\":\"2024-07-22T14:42:30+00:00\",\"mainEntityOfPage\":{\"@id\":\"https:\/\/artipelag.se\/en\/news\/bobby-medina-the-latin-american-jazz-experience-at-artipelags-terrace-on-july-28\/\"},\"wordCount\":55,\"publisher\":{\"@id\":\"https:\/\/artipelag.se\/en\/#organization\"},\"image\":{\"@id\":\"https:\/\/artipelag.se\/en\/news\/bobby-medina-the-latin-american-jazz-experience-at-artipelags-terrace-on-july-28\/#primaryimage\"},\"thumbnailUrl\":\"https:\/\/artipelag.se\/app\/uploads\/2024\/07\/scensommar-28-juli-bobby-medina.avif\",\"articleSection\":[\"News\"],\"inLanguage\":\"en-US\"},{\"@type\":\"WebPage\",\"@id\":\"https:\/\/artipelag.se\/en\/news\/bobby-medina-the-latin-american-jazz-experience-at-artipelags-terrace-on-july-28\/\",\"url\":\"https:\/\/artipelag.se\/en\/news\/bobby-medina-the-latin-american-jazz-experience-at-artipelags-terrace-on-july-28\/\",\"name\":\"Bobby Medina & The Latin American Jazz Experience at Artipelag\",\"isPartOf\":{\"@id\":\"https:\/\/artipelag.se\/en\/#website\"},\"primaryImageOfPage\":{\"@id\":\"https:\/\/artipelag.se\/en\/news\/bobby-medina-the-latin-american-jazz-experience-at-artipelags-terrace-on-july-28\/#primaryimage\"},\"image\":{\"@id\":\"https:\/\/artipelag.se\/en\/news\/bobby-medina-the-latin-american-jazz-experience-at-artipelags-terrace-on-july-28\/#primaryimage\"},\"thumbnailUrl\":\"https:\/\/artipelag.se\/app\/uploads\/2024\/07\/scensommar-28-juli-bobby-medina.avif\",\"datePublished\":\"2024-07-22T14:42:30+00:00\",\"description\":\"Enjoy a fantastic concert with Bobby Medina & The Latin American Jazz Experience on the Artipelag terrace on 28 July.\",\"breadcrumb\":{\"@id\":\"https:\/\/artipelag.se\/en\/news\/bobby-medina-the-latin-american-jazz-experience-at-artipelags-terrace-on-july-28\/#breadcrumb\"},\"inLanguage\":\"en-US\",\"potentialAction\":[{\"@type\":\"ReadAction\",\"target\":[\"https:\/\/artipelag.se\/en\/news\/bobby-medina-the-latin-american-jazz-experience-at-artipelags-terrace-on-july-28\/\"]}]},{\"@type\":\"ImageObject\",\"inLanguage\":\"en-US\",\"@id\":\"https:\/\/artipelag.se\/en\/news\/bobby-medina-the-latin-american-jazz-experience-at-artipelags-terrace-on-july-28\/#primaryimage\",\"url\":\"https:\/\/artipelag.se\/app\/uploads\/2024\/07\/scensommar-28-juli-bobby-medina.avif\",\"contentUrl\":\"https:\/\/artipelag.se\/app\/uploads\/2024\/07\/scensommar-28-juli-bobby-medina.avif\",\"width\":1248,\"height\":832,\"caption\":\"En man i vit kostym och gul skjorta sitter i en l\u00e4derf\u00e5t\u00f6lj och h\u00e5ller i en trumpet.\"},{\"@type\":\"BreadcrumbList\",\"@id\":\"https:\/\/artipelag.se\/en\/news\/bobby-medina-the-latin-american-jazz-experience-at-artipelags-terrace-on-july-28\/#breadcrumb\",\"itemListElement\":[{\"@type\":\"ListItem\",\"position\":1,\"name\":\"Hem\",\"item\":\"https:\/\/artipelag.se\/en\/\"},{\"@type\":\"ListItem\",\"position\":2,\"name\":\"Bobby Medina &amp; The Latin American Jazz Experience at Artipelag&#8217;s Terrace on July 28\"}]},{\"@type\":\"WebSite\",\"@id\":\"https:\/\/artipelag.se\/en\/#website\",\"url\":\"https:\/\/artipelag.se\/en\/\",\"name\":\"Artipelag\",\"description\":\"Artipelag is a new international venue for art, good food, events and activities \u2013 beautifully set on V\u00e4rmd\u00f6 in the Stockholm Archipelago, just 20 minutes from the city centre.\",\"publisher\":{\"@id\":\"https:\/\/artipelag.se\/en\/#organization\"},\"potentialAction\":[{\"@type\":\"SearchAction\",\"target\":{\"@type\":\"EntryPoint\",\"urlTemplate\":\"https:\/\/artipelag.se\/en\/?s={search_term_string}\"},\"query-input\":{\"@type\":\"PropertyValueSpecification\",\"valueRequired\":true,\"valueName\":\"search_term_string\"}}],\"inLanguage\":\"en-US\"},{\"@type\":\"Organization\",\"@id\":\"https:\/\/artipelag.se\/en\/#organization\",\"name\":\"Artipelag\",\"url\":\"https:\/\/artipelag.se\/en\/\",\"logo\":{\"@type\":\"ImageObject\",\"inLanguage\":\"en-US\",\"@id\":\"https:\/\/artipelag.se\/en\/#\/schema\/logo\/image\/\",\"url\":\"https:\/\/artipelag.se\/app\/uploads\/2015\/09\/logga2.jpg\",\"contentUrl\":\"https:\/\/artipelag.se\/app\/uploads\/2015\/09\/logga2.jpg\",\"width\":700,\"height\":700,\"caption\":\"Artipelag\"},\"image\":{\"@id\":\"https:\/\/artipelag.se\/en\/#\/schema\/logo\/image\/\"},\"sameAs\":[\"https:\/\/www.facebook.com\/artipelag\/\",\"https:\/\/x.com\/artipelag\",\"https:\/\/www.instagram.com\/artipelag\/\",\"https:\/\/www.linkedin.com\/company\/artipelag\",\"https:\/\/www.youtube.com\/user\/ArtipelagSweden\"]},{\"@type\":\"Person\",\"@id\":\"https:\/\/artipelag.se\/en\/#\/schema\/person\/1f4a8402f7c223aa7e8baf2320681723\",\"name\":\"Josefin Sahlin\",\"image\":{\"@type\":\"ImageObject\",\"inLanguage\":\"en-US\",\"@id\":\"https:\/\/artipelag.se\/en\/#\/schema\/person\/image\/\",\"url\":\"https:\/\/secure.gravatar.com\/avatar\/3a174affee3218a87e274e6ef4d284ae88ca8d3334ddb3b2a466a9f832bd130b?s=96&d=mm&r=g\",\"contentUrl\":\"https:\/\/secure.gravatar.com\/avatar\/3a174affee3218a87e274e6ef4d284ae88ca8d3334ddb3b2a466a9f832bd130b?s=96&d=mm&r=g\",\"caption\":\"Josefin Sahlin\"}}]}<\/script>\n<!-- \/ Yoast SEO Premium plugin. -->","yoast_head_json":{"title":"Bobby Medina & The Latin American Jazz Experience at Artipelag","description":"Enjoy a fantastic concert with Bobby Medina & The Latin American Jazz Experience on the Artipelag terrace on 28 July.","robots":{"index":"index","follow":"follow","max-snippet":"max-snippet:-1","max-image-preview":"max-image-preview:large","max-video-preview":"max-video-preview:-1"},"canonical":"https:\/\/artipelag.se\/en\/news\/bobby-medina-the-latin-american-jazz-experience-at-artipelags-terrace-on-july-28\/","og_locale":"en_US","og_type":"article","og_title":"Bobby Medina &amp; The Latin American Jazz Experience at Artipelag's Terrace on July 28","og_description":"Enjoy a fantastic concert with Bobby Medina & The Latin American Jazz Experience on the Artipelag terrace on 28 July.","og_url":"https:\/\/artipelag.se\/en\/news\/bobby-medina-the-latin-american-jazz-experience-at-artipelags-terrace-on-july-28\/","og_site_name":"Artipelag","article_publisher":"https:\/\/www.facebook.com\/artipelag\/","article_published_time":"2024-07-22T14:42:30+00:00","og_image":[{"width":1248,"height":832,"url":"https:\/\/artipelag.se\/app\/uploads\/2024\/07\/scensommar-28-juli-bobby-medina.jpg","type":"image\/jpeg"}],"author":"Josefin Sahlin","twitter_card":"summary_large_image","twitter_creator":"@artipelag","twitter_site":"@artipelag","twitter_misc":{"Written by":"Josefin Sahlin"},"schema":{"@context":"https:\/\/schema.org","@graph":[{"@type":"Article","@id":"https:\/\/artipelag.se\/en\/news\/bobby-medina-the-latin-american-jazz-experience-at-artipelags-terrace-on-july-28\/#article","isPartOf":{"@id":"https:\/\/artipelag.se\/en\/news\/bobby-medina-the-latin-american-jazz-experience-at-artipelags-terrace-on-july-28\/"},"author":{"name":"Josefin Sahlin","@id":"https:\/\/artipelag.se\/en\/#\/schema\/person\/1f4a8402f7c223aa7e8baf2320681723"},"headline":"Bobby Medina &amp; The Latin American Jazz Experience at Artipelag&#8217;s Terrace on July 28","datePublished":"2024-07-22T14:42:30+00:00","mainEntityOfPage":{"@id":"https:\/\/artipelag.se\/en\/news\/bobby-medina-the-latin-american-jazz-experience-at-artipelags-terrace-on-july-28\/"},"wordCount":55,"publisher":{"@id":"https:\/\/artipelag.se\/en\/#organization"},"image":{"@id":"https:\/\/artipelag.se\/en\/news\/bobby-medina-the-latin-american-jazz-experience-at-artipelags-terrace-on-july-28\/#primaryimage"},"thumbnailUrl":"https:\/\/artipelag.se\/app\/uploads\/2024\/07\/scensommar-28-juli-bobby-medina.avif","articleSection":["News"],"inLanguage":"en-US"},{"@type":"WebPage","@id":"https:\/\/artipelag.se\/en\/news\/bobby-medina-the-latin-american-jazz-experience-at-artipelags-terrace-on-july-28\/","url":"https:\/\/artipelag.se\/en\/news\/bobby-medina-the-latin-american-jazz-experience-at-artipelags-terrace-on-july-28\/","name":"Bobby Medina & The Latin American Jazz Experience at Artipelag","isPartOf":{"@id":"https:\/\/artipelag.se\/en\/#website"},"primaryImageOfPage":{"@id":"https:\/\/artipelag.se\/en\/news\/bobby-medina-the-latin-american-jazz-experience-at-artipelags-terrace-on-july-28\/#primaryimage"},"image":{"@id":"https:\/\/artipelag.se\/en\/news\/bobby-medina-the-latin-american-jazz-experience-at-artipelags-terrace-on-july-28\/#primaryimage"},"thumbnailUrl":"https:\/\/artipelag.se\/app\/uploads\/2024\/07\/scensommar-28-juli-bobby-medina.avif","datePublished":"2024-07-22T14:42:30+00:00","description":"Enjoy a fantastic concert with Bobby Medina & The Latin American Jazz Experience on the Artipelag terrace on 28 July.","breadcrumb":{"@id":"https:\/\/artipelag.se\/en\/news\/bobby-medina-the-latin-american-jazz-experience-at-artipelags-terrace-on-july-28\/#breadcrumb"},"inLanguage":"en-US","potentialAction":[{"@type":"ReadAction","target":["https:\/\/artipelag.se\/en\/news\/bobby-medina-the-latin-american-jazz-experience-at-artipelags-terrace-on-july-28\/"]}]},{"@type":"ImageObject","inLanguage":"en-US","@id":"https:\/\/artipelag.se\/en\/news\/bobby-medina-the-latin-american-jazz-experience-at-artipelags-terrace-on-july-28\/#primaryimage","url":"https:\/\/artipelag.se\/app\/uploads\/2024\/07\/scensommar-28-juli-bobby-medina.avif","contentUrl":"https:\/\/artipelag.se\/app\/uploads\/2024\/07\/scensommar-28-juli-bobby-medina.avif","width":1248,"height":832,"caption":"En man i vit kostym och gul skjorta sitter i en l\u00e4derf\u00e5t\u00f6lj och h\u00e5ller i en trumpet."},{"@type":"BreadcrumbList","@id":"https:\/\/artipelag.se\/en\/news\/bobby-medina-the-latin-american-jazz-experience-at-artipelags-terrace-on-july-28\/#breadcrumb","itemListElement":[{"@type":"ListItem","position":1,"name":"Hem","item":"https:\/\/artipelag.se\/en\/"},{"@type":"ListItem","position":2,"name":"Bobby Medina &amp; The Latin American Jazz Experience at Artipelag&#8217;s Terrace on July 28"}]},{"@type":"WebSite","@id":"https:\/\/artipelag.se\/en\/#website","url":"https:\/\/artipelag.se\/en\/","name":"Artipelag","description":"Artipelag is a new international venue for art, good food, events and activities \u2013 beautifully set on V\u00e4rmd\u00f6 in the Stockholm Archipelago, just 20 minutes from the city centre.","publisher":{"@id":"https:\/\/artipelag.se\/en\/#organization"},"potentialAction":[{"@type":"SearchAction","target":{"@type":"EntryPoint","urlTemplate":"https:\/\/artipelag.se\/en\/?s={search_term_string}"},"query-input":{"@type":"PropertyValueSpecification","valueRequired":true,"valueName":"search_term_string"}}],"inLanguage":"en-US"},{"@type":"Organization","@id":"https:\/\/artipelag.se\/en\/#organization","name":"Artipelag","url":"https:\/\/artipelag.se\/en\/","logo":{"@type":"ImageObject","inLanguage":"en-US","@id":"https:\/\/artipelag.se\/en\/#\/schema\/logo\/image\/","url":"https:\/\/artipelag.se\/app\/uploads\/2015\/09\/logga2.jpg","contentUrl":"https:\/\/artipelag.se\/app\/uploads\/2015\/09\/logga2.jpg","width":700,"height":700,"caption":"Artipelag"},"image":{"@id":"https:\/\/artipelag.se\/en\/#\/schema\/logo\/image\/"},"sameAs":["https:\/\/www.facebook.com\/artipelag\/","https:\/\/x.com\/artipelag","https:\/\/www.instagram.com\/artipelag\/","https:\/\/www.linkedin.com\/company\/artipelag","https:\/\/www.youtube.com\/user\/ArtipelagSweden"]},{"@type":"Person","@id":"https:\/\/artipelag.se\/en\/#\/schema\/person\/1f4a8402f7c223aa7e8baf2320681723","name":"Josefin Sahlin","image":{"@type":"ImageObject","inLanguage":"en-US","@id":"https:\/\/artipelag.se\/en\/#\/schema\/person\/image\/","url":"https:\/\/secure.gravatar.com\/avatar\/3a174affee3218a87e274e6ef4d284ae88ca8d3334ddb3b2a466a9f832bd130b?s=96&d=mm&r=g","contentUrl":"https:\/\/secure.gravatar.com\/avatar\/3a174affee3218a87e274e6ef4d284ae88ca8d3334ddb3b2a466a9f832bd130b?s=96&d=mm&r=g","caption":"Josefin Sahlin"}}]}},"_links":{"self":[{"href":"https:\/\/artipelag.se\/en\/wp-json\/wp\/v2\/posts\/74407","targetHints":{"allow":["GET"]}}],"collection":[{"href":"https:\/\/artipelag.se\/en\/wp-json\/wp\/v2\/posts"}],"about":[{"href":"https:\/\/artipelag.se\/en\/wp-json\/wp\/v2\/types\/post"}],"author":[{"embeddable":true,"href":"https:\/\/artipelag.se\/en\/wp-json\/wp\/v2\/users\/24"}],"replies":[{"embeddable":true,"href":"https:\/\/artipelag.se\/en\/wp-json\/wp\/v2\/comments?post=74407"}],"version-history":[{"count":1,"href":"https:\/\/artipelag.se\/en\/wp-json\/wp\/v2\/posts\/74407\/revisions"}],"predecessor-version":[{"id":74408,"href":"https:\/\/artipelag.se\/en\/wp-json\/wp\/v2\/posts\/74407\/revisions\/74408"}],"wp:featuredmedia":[{"embeddable":true,"href":"https:\/\/artipelag.se\/en\/wp-json\/wp\/v2\/media\/74404"}],"wp:attachment":[{"href":"https:\/\/artipelag.se\/en\/wp-json\/wp\/v2\/media?parent=74407"}],"wp:term":[{"taxonomy":"category","embeddable":true,"href":"https:\/\/artipelag.se\/en\/wp-json\/wp\/v2\/categories?post=74407"},{"taxonomy":"post_tag","embeddable":true,"href":"https:\/\/artipelag.se\/en\/wp-json\/wp\/v2\/tags?post=74407"}],"curies":[{"name":"wp","href":"https:\/\/api.w.org\/{rel}","templated":true}]}}