{"id":38977,"date":"2020-01-13T14:41:12","date_gmt":"2020-01-13T13:41:12","guid":{"rendered":"https:\/\/artipelag.se\/news\/garnfestival-i-var-artbox\/"},"modified":"2021-09-28T17:05:25","modified_gmt":"2021-09-28T15:05:25","slug":"yarn-festival-in-our-artbox","status":"publish","type":"post","link":"https:\/\/artipelag.se\/en\/news\/yarn-festival-in-our-artbox\/","title":{"rendered":"Yarn festival in our Artbox"},"content":{"rendered":"<div class=\"max-w-screen-md mt-5 mx-auto first:mt-0\"><div\n  class=\"prose sm:prose-lg lg:prose-xl\"\n  x-data=\"\"\n  x-init=\"$nextTick(function () {\n    const videoEmbeds = document.querySelectorAll('.wp-block-embed.is-type-video');\n    videoEmbeds.forEach(function (embed) {\n      if (!embed.classList.contains('wp-embed-aspect-16-9') || !embed.classList.contains('wp-has-aspect-ratio')) {\n        embed.classList.add('wp-embed-aspect-16-9', 'wp-has-aspect-ratio');\n      }\n    });\n  })\"\n>\n  \r\n<p><strong>Stockholm\u2019s first yarn festival should have taken place in out Artbox between April 25<sup>th<\/sup> and 26<sup>th<\/sup>, 2020. It now has been postponed due to the <a href=\"https:\/\/artipelag.se\/en\/news\/information-about-the-coronavirus\/\">coronavirus<\/a>. New dates will be announced later on.<\/strong><\/p>\r\n\n<\/div>\n<\/div>\r\n\r\n<div class=\"max-w-screen-md mt-5 mx-auto first:mt-0\"><div\n  class=\"prose sm:prose-lg lg:prose-xl\"\n  x-data=\"\"\n  x-init=\"$nextTick(function () {\n    const videoEmbeds = document.querySelectorAll('.wp-block-embed.is-type-video');\n    videoEmbeds.forEach(function (embed) {\n      if (!embed.classList.contains('wp-embed-aspect-16-9') || !embed.classList.contains('wp-has-aspect-ratio')) {\n        embed.classList.add('wp-embed-aspect-16-9', 'wp-has-aspect-ratio');\n      }\n    });\n  })\"\n>\n  \r\n<p>A weekend focused on yarn in all shapes and form. Workshops, exciting meetings with enthusiasts. All framed by beautiful archipelago nature.<\/p>\r\n\n<\/div>\n<\/div>\r\n\r\n<div class=\"max-w-screen-md mt-5 mx-auto first:mt-0\"><div\n  class=\"prose sm:prose-lg lg:prose-xl\"\n  x-data=\"\"\n  x-init=\"$nextTick(function () {\n    const videoEmbeds = document.querySelectorAll('.wp-block-embed.is-type-video');\n    videoEmbeds.forEach(function (embed) {\n      if (!embed.classList.contains('wp-embed-aspect-16-9') || !embed.classList.contains('wp-has-aspect-ratio')) {\n        embed.classList.add('wp-embed-aspect-16-9', 'wp-has-aspect-ratio');\n      }\n    });\n  })\"\n>\n  \r\n<p><a href=\"https:\/\/www.yarnfeststockholm.com\" target=\"_blank\" rel=\"noopener\">Read more about the organizer and the event &gt;&gt;<\/a><\/p>\r\n\n<\/div>\n<\/div>\r\n\r\n","protected":false},"excerpt":{"rendered":"<p>Stockholm\u2019s first yarn festival should have taken place in out Artbox between April 25th and 26th, 2020. It now has been postponed due to the coronavirus. New dates will be announced later on. A weekend focused on yarn in all shapes and form. Workshops, exciting meetings with enthusiasts. All framed by beautiful archipelago nature. Read &hellip; <a href=\"https:\/\/artipelag.se\/en\/news\/yarn-festival-in-our-artbox\/\">Continued<\/a><\/p>\n","protected":false},"author":24,"featured_media":38422,"comment_status":"closed","ping_status":"closed","sticky":false,"template":"","format":"standard","meta":{"_acf_changed":false,"footnotes":""},"categories":[2],"tags":[],"class_list":["post-38977","post","type-post","status-publish","format-standard","has-post-thumbnail","hentry","category-news"],"acf":[],"yoast_head":"<!-- This site is optimized with the Yoast SEO Premium plugin v26.7 (Yoast SEO v26.7) - https:\/\/yoast.com\/wordpress\/plugins\/seo\/ -->\n<title>Yarn festival in our Artbox - Artipelag<\/title>\n<meta name=\"description\" content=\"Stockholms f\u00f6rsta garnfestival \u00e4ger rum p\u00e5 Artipelag den\u00a025\u201326 april 2020. En helg helt fokuserad p\u00e5 garn i alla f\u00e4rger och former.\" \/>\n<meta name=\"robots\" content=\"index, follow, max-snippet:-1, max-image-preview:large, max-video-preview:-1\" \/>\n<link rel=\"canonical\" href=\"https:\/\/artipelag.se\/en\/news\/yarn-festival-in-our-artbox\/\" \/>\n<meta property=\"og:locale\" content=\"en_US\" \/>\n<meta property=\"og:type\" content=\"article\" \/>\n<meta property=\"og:title\" content=\"Yarn festival in our Artbox\" \/>\n<meta property=\"og:description\" content=\"Stockholms f\u00f6rsta garnfestival \u00e4ger rum p\u00e5 Artipelag den\u00a025\u201326 april 2020. En helg helt fokuserad p\u00e5 garn i alla f\u00e4rger och former.\" \/>\n<meta property=\"og:url\" content=\"https:\/\/artipelag.se\/en\/news\/yarn-festival-in-our-artbox\/\" \/>\n<meta property=\"og:site_name\" content=\"Artipelag\" \/>\n<meta property=\"article:publisher\" content=\"https:\/\/www.facebook.com\/artipelag\/\" \/>\n<meta property=\"article:published_time\" content=\"2020-01-13T13:41:12+00:00\" \/>\n<meta property=\"article:modified_time\" content=\"2021-09-28T15:05:25+00:00\" \/>\n<meta property=\"og:image\" content=\"https:\/\/artipelag.se\/app\/uploads\/2020\/01\/stockholm-yarn-festival-1170x488-px.jpg\" \/>\n\t<meta property=\"og:image:width\" content=\"1170\" \/>\n\t<meta property=\"og:image:height\" content=\"488\" \/>\n\t<meta property=\"og:image:type\" content=\"image\/jpeg\" \/>\n<meta name=\"author\" content=\"Josefin Sahlin\" \/>\n<meta name=\"twitter:card\" content=\"summary_large_image\" \/>\n<meta name=\"twitter:creator\" content=\"@artipelag\" \/>\n<meta name=\"twitter:site\" content=\"@artipelag\" \/>\n<meta name=\"twitter:label1\" content=\"Written by\" \/>\n\t<meta name=\"twitter:data1\" content=\"Josefin Sahlin\" \/>\n<script type=\"application\/ld+json\" class=\"yoast-schema-graph\">{\"@context\":\"https:\/\/schema.org\",\"@graph\":[{\"@type\":\"Article\",\"@id\":\"https:\/\/artipelag.se\/en\/news\/yarn-festival-in-our-artbox\/#article\",\"isPartOf\":{\"@id\":\"https:\/\/artipelag.se\/en\/news\/yarn-festival-in-our-artbox\/\"},\"author\":{\"name\":\"Josefin Sahlin\",\"@id\":\"https:\/\/artipelag.se\/en\/#\/schema\/person\/1f4a8402f7c223aa7e8baf2320681723\"},\"headline\":\"Yarn festival in our Artbox\",\"datePublished\":\"2020-01-13T13:41:12+00:00\",\"dateModified\":\"2021-09-28T15:05:25+00:00\",\"mainEntityOfPage\":{\"@id\":\"https:\/\/artipelag.se\/en\/news\/yarn-festival-in-our-artbox\/\"},\"wordCount\":69,\"publisher\":{\"@id\":\"https:\/\/artipelag.se\/en\/#organization\"},\"image\":{\"@id\":\"https:\/\/artipelag.se\/en\/news\/yarn-festival-in-our-artbox\/#primaryimage\"},\"thumbnailUrl\":\"https:\/\/cdn.artipelag.se\/app\/uploads\/2020\/01\/stockholm-yarn-festival-1170x488-px.jpg?strip=all\",\"articleSection\":[\"News\"],\"inLanguage\":\"en-US\"},{\"@type\":\"WebPage\",\"@id\":\"https:\/\/artipelag.se\/en\/news\/yarn-festival-in-our-artbox\/\",\"url\":\"https:\/\/artipelag.se\/en\/news\/yarn-festival-in-our-artbox\/\",\"name\":\"Yarn festival in our Artbox - Artipelag\",\"isPartOf\":{\"@id\":\"https:\/\/artipelag.se\/en\/#website\"},\"primaryImageOfPage\":{\"@id\":\"https:\/\/artipelag.se\/en\/news\/yarn-festival-in-our-artbox\/#primaryimage\"},\"image\":{\"@id\":\"https:\/\/artipelag.se\/en\/news\/yarn-festival-in-our-artbox\/#primaryimage\"},\"thumbnailUrl\":\"https:\/\/cdn.artipelag.se\/app\/uploads\/2020\/01\/stockholm-yarn-festival-1170x488-px.jpg?strip=all\",\"datePublished\":\"2020-01-13T13:41:12+00:00\",\"dateModified\":\"2021-09-28T15:05:25+00:00\",\"description\":\"Stockholms f\u00f6rsta garnfestival \u00e4ger rum p\u00e5 Artipelag den\u00a025\u201326 april 2020. En helg helt fokuserad p\u00e5 garn i alla f\u00e4rger och former.\",\"breadcrumb\":{\"@id\":\"https:\/\/artipelag.se\/en\/news\/yarn-festival-in-our-artbox\/#breadcrumb\"},\"inLanguage\":\"en-US\",\"potentialAction\":[{\"@type\":\"ReadAction\",\"target\":[\"https:\/\/artipelag.se\/en\/news\/yarn-festival-in-our-artbox\/\"]}]},{\"@type\":\"ImageObject\",\"inLanguage\":\"en-US\",\"@id\":\"https:\/\/artipelag.se\/en\/news\/yarn-festival-in-our-artbox\/#primaryimage\",\"url\":\"https:\/\/cdn.artipelag.se\/app\/uploads\/2020\/01\/stockholm-yarn-festival-1170x488-px.jpg?strip=all\",\"contentUrl\":\"https:\/\/cdn.artipelag.se\/app\/uploads\/2020\/01\/stockholm-yarn-festival-1170x488-px.jpg?strip=all\",\"width\":1170,\"height\":488,\"caption\":\"Stockholm Yarn Festival 2020.\"},{\"@type\":\"BreadcrumbList\",\"@id\":\"https:\/\/artipelag.se\/en\/news\/yarn-festival-in-our-artbox\/#breadcrumb\",\"itemListElement\":[{\"@type\":\"ListItem\",\"position\":1,\"name\":\"Hem\",\"item\":\"https:\/\/artipelag.se\/en\/\"},{\"@type\":\"ListItem\",\"position\":2,\"name\":\"Yarn festival in our Artbox\"}]},{\"@type\":\"WebSite\",\"@id\":\"https:\/\/artipelag.se\/en\/#website\",\"url\":\"https:\/\/artipelag.se\/en\/\",\"name\":\"Artipelag\",\"description\":\"Artipelag is a new international venue for art, good food, events and activities \u2013 beautifully set on V\u00e4rmd\u00f6 in the Stockholm Archipelago, just 20 minutes from the city centre.\",\"publisher\":{\"@id\":\"https:\/\/artipelag.se\/en\/#organization\"},\"potentialAction\":[{\"@type\":\"SearchAction\",\"target\":{\"@type\":\"EntryPoint\",\"urlTemplate\":\"https:\/\/artipelag.se\/en\/?s={search_term_string}\"},\"query-input\":{\"@type\":\"PropertyValueSpecification\",\"valueRequired\":true,\"valueName\":\"search_term_string\"}}],\"inLanguage\":\"en-US\"},{\"@type\":\"Organization\",\"@id\":\"https:\/\/artipelag.se\/en\/#organization\",\"name\":\"Artipelag\",\"url\":\"https:\/\/artipelag.se\/en\/\",\"logo\":{\"@type\":\"ImageObject\",\"inLanguage\":\"en-US\",\"@id\":\"https:\/\/artipelag.se\/en\/#\/schema\/logo\/image\/\",\"url\":\"https:\/\/artipelag.se\/app\/uploads\/2015\/09\/logga2.jpg\",\"contentUrl\":\"https:\/\/artipelag.se\/app\/uploads\/2015\/09\/logga2.jpg\",\"width\":700,\"height\":700,\"caption\":\"Artipelag\"},\"image\":{\"@id\":\"https:\/\/artipelag.se\/en\/#\/schema\/logo\/image\/\"},\"sameAs\":[\"https:\/\/www.facebook.com\/artipelag\/\",\"https:\/\/x.com\/artipelag\",\"https:\/\/www.instagram.com\/artipelag\/\",\"https:\/\/www.linkedin.com\/company\/artipelag\",\"https:\/\/www.youtube.com\/user\/ArtipelagSweden\"]},{\"@type\":\"Person\",\"@id\":\"https:\/\/artipelag.se\/en\/#\/schema\/person\/1f4a8402f7c223aa7e8baf2320681723\",\"name\":\"Josefin Sahlin\",\"image\":{\"@type\":\"ImageObject\",\"inLanguage\":\"en-US\",\"@id\":\"https:\/\/artipelag.se\/en\/#\/schema\/person\/image\/\",\"url\":\"https:\/\/secure.gravatar.com\/avatar\/3a174affee3218a87e274e6ef4d284ae88ca8d3334ddb3b2a466a9f832bd130b?s=96&d=mm&r=g\",\"contentUrl\":\"https:\/\/secure.gravatar.com\/avatar\/3a174affee3218a87e274e6ef4d284ae88ca8d3334ddb3b2a466a9f832bd130b?s=96&d=mm&r=g\",\"caption\":\"Josefin Sahlin\"}}]}<\/script>\n<!-- \/ Yoast SEO Premium plugin. -->","yoast_head_json":{"title":"Yarn festival in our Artbox - Artipelag","description":"Stockholms f\u00f6rsta garnfestival \u00e4ger rum p\u00e5 Artipelag den\u00a025\u201326 april 2020. En helg helt fokuserad p\u00e5 garn i alla f\u00e4rger och former.","robots":{"index":"index","follow":"follow","max-snippet":"max-snippet:-1","max-image-preview":"max-image-preview:large","max-video-preview":"max-video-preview:-1"},"canonical":"https:\/\/artipelag.se\/en\/news\/yarn-festival-in-our-artbox\/","og_locale":"en_US","og_type":"article","og_title":"Yarn festival in our Artbox","og_description":"Stockholms f\u00f6rsta garnfestival \u00e4ger rum p\u00e5 Artipelag den\u00a025\u201326 april 2020. En helg helt fokuserad p\u00e5 garn i alla f\u00e4rger och former.","og_url":"https:\/\/artipelag.se\/en\/news\/yarn-festival-in-our-artbox\/","og_site_name":"Artipelag","article_publisher":"https:\/\/www.facebook.com\/artipelag\/","article_published_time":"2020-01-13T13:41:12+00:00","article_modified_time":"2021-09-28T15:05:25+00:00","og_image":[{"width":1170,"height":488,"url":"https:\/\/artipelag.se\/app\/uploads\/2020\/01\/stockholm-yarn-festival-1170x488-px.jpg","type":"image\/jpeg"}],"author":"Josefin Sahlin","twitter_card":"summary_large_image","twitter_creator":"@artipelag","twitter_site":"@artipelag","twitter_misc":{"Written by":"Josefin Sahlin"},"schema":{"@context":"https:\/\/schema.org","@graph":[{"@type":"Article","@id":"https:\/\/artipelag.se\/en\/news\/yarn-festival-in-our-artbox\/#article","isPartOf":{"@id":"https:\/\/artipelag.se\/en\/news\/yarn-festival-in-our-artbox\/"},"author":{"name":"Josefin Sahlin","@id":"https:\/\/artipelag.se\/en\/#\/schema\/person\/1f4a8402f7c223aa7e8baf2320681723"},"headline":"Yarn festival in our Artbox","datePublished":"2020-01-13T13:41:12+00:00","dateModified":"2021-09-28T15:05:25+00:00","mainEntityOfPage":{"@id":"https:\/\/artipelag.se\/en\/news\/yarn-festival-in-our-artbox\/"},"wordCount":69,"publisher":{"@id":"https:\/\/artipelag.se\/en\/#organization"},"image":{"@id":"https:\/\/artipelag.se\/en\/news\/yarn-festival-in-our-artbox\/#primaryimage"},"thumbnailUrl":"https:\/\/cdn.artipelag.se\/app\/uploads\/2020\/01\/stockholm-yarn-festival-1170x488-px.jpg?strip=all","articleSection":["News"],"inLanguage":"en-US"},{"@type":"WebPage","@id":"https:\/\/artipelag.se\/en\/news\/yarn-festival-in-our-artbox\/","url":"https:\/\/artipelag.se\/en\/news\/yarn-festival-in-our-artbox\/","name":"Yarn festival in our Artbox - Artipelag","isPartOf":{"@id":"https:\/\/artipelag.se\/en\/#website"},"primaryImageOfPage":{"@id":"https:\/\/artipelag.se\/en\/news\/yarn-festival-in-our-artbox\/#primaryimage"},"image":{"@id":"https:\/\/artipelag.se\/en\/news\/yarn-festival-in-our-artbox\/#primaryimage"},"thumbnailUrl":"https:\/\/cdn.artipelag.se\/app\/uploads\/2020\/01\/stockholm-yarn-festival-1170x488-px.jpg?strip=all","datePublished":"2020-01-13T13:41:12+00:00","dateModified":"2021-09-28T15:05:25+00:00","description":"Stockholms f\u00f6rsta garnfestival \u00e4ger rum p\u00e5 Artipelag den\u00a025\u201326 april 2020. En helg helt fokuserad p\u00e5 garn i alla f\u00e4rger och former.","breadcrumb":{"@id":"https:\/\/artipelag.se\/en\/news\/yarn-festival-in-our-artbox\/#breadcrumb"},"inLanguage":"en-US","potentialAction":[{"@type":"ReadAction","target":["https:\/\/artipelag.se\/en\/news\/yarn-festival-in-our-artbox\/"]}]},{"@type":"ImageObject","inLanguage":"en-US","@id":"https:\/\/artipelag.se\/en\/news\/yarn-festival-in-our-artbox\/#primaryimage","url":"https:\/\/cdn.artipelag.se\/app\/uploads\/2020\/01\/stockholm-yarn-festival-1170x488-px.jpg?strip=all","contentUrl":"https:\/\/cdn.artipelag.se\/app\/uploads\/2020\/01\/stockholm-yarn-festival-1170x488-px.jpg?strip=all","width":1170,"height":488,"caption":"Stockholm Yarn Festival 2020."},{"@type":"BreadcrumbList","@id":"https:\/\/artipelag.se\/en\/news\/yarn-festival-in-our-artbox\/#breadcrumb","itemListElement":[{"@type":"ListItem","position":1,"name":"Hem","item":"https:\/\/artipelag.se\/en\/"},{"@type":"ListItem","position":2,"name":"Yarn festival in our Artbox"}]},{"@type":"WebSite","@id":"https:\/\/artipelag.se\/en\/#website","url":"https:\/\/artipelag.se\/en\/","name":"Artipelag","description":"Artipelag is a new international venue for art, good food, events and activities \u2013 beautifully set on V\u00e4rmd\u00f6 in the Stockholm Archipelago, just 20 minutes from the city centre.","publisher":{"@id":"https:\/\/artipelag.se\/en\/#organization"},"potentialAction":[{"@type":"SearchAction","target":{"@type":"EntryPoint","urlTemplate":"https:\/\/artipelag.se\/en\/?s={search_term_string}"},"query-input":{"@type":"PropertyValueSpecification","valueRequired":true,"valueName":"search_term_string"}}],"inLanguage":"en-US"},{"@type":"Organization","@id":"https:\/\/artipelag.se\/en\/#organization","name":"Artipelag","url":"https:\/\/artipelag.se\/en\/","logo":{"@type":"ImageObject","inLanguage":"en-US","@id":"https:\/\/artipelag.se\/en\/#\/schema\/logo\/image\/","url":"https:\/\/artipelag.se\/app\/uploads\/2015\/09\/logga2.jpg","contentUrl":"https:\/\/artipelag.se\/app\/uploads\/2015\/09\/logga2.jpg","width":700,"height":700,"caption":"Artipelag"},"image":{"@id":"https:\/\/artipelag.se\/en\/#\/schema\/logo\/image\/"},"sameAs":["https:\/\/www.facebook.com\/artipelag\/","https:\/\/x.com\/artipelag","https:\/\/www.instagram.com\/artipelag\/","https:\/\/www.linkedin.com\/company\/artipelag","https:\/\/www.youtube.com\/user\/ArtipelagSweden"]},{"@type":"Person","@id":"https:\/\/artipelag.se\/en\/#\/schema\/person\/1f4a8402f7c223aa7e8baf2320681723","name":"Josefin Sahlin","image":{"@type":"ImageObject","inLanguage":"en-US","@id":"https:\/\/artipelag.se\/en\/#\/schema\/person\/image\/","url":"https:\/\/secure.gravatar.com\/avatar\/3a174affee3218a87e274e6ef4d284ae88ca8d3334ddb3b2a466a9f832bd130b?s=96&d=mm&r=g","contentUrl":"https:\/\/secure.gravatar.com\/avatar\/3a174affee3218a87e274e6ef4d284ae88ca8d3334ddb3b2a466a9f832bd130b?s=96&d=mm&r=g","caption":"Josefin Sahlin"}}]}},"_links":{"self":[{"href":"https:\/\/artipelag.se\/en\/wp-json\/wp\/v2\/posts\/38977","targetHints":{"allow":["GET"]}}],"collection":[{"href":"https:\/\/artipelag.se\/en\/wp-json\/wp\/v2\/posts"}],"about":[{"href":"https:\/\/artipelag.se\/en\/wp-json\/wp\/v2\/types\/post"}],"author":[{"embeddable":true,"href":"https:\/\/artipelag.se\/en\/wp-json\/wp\/v2\/users\/24"}],"replies":[{"embeddable":true,"href":"https:\/\/artipelag.se\/en\/wp-json\/wp\/v2\/comments?post=38977"}],"version-history":[{"count":4,"href":"https:\/\/artipelag.se\/en\/wp-json\/wp\/v2\/posts\/38977\/revisions"}],"predecessor-version":[{"id":44608,"href":"https:\/\/artipelag.se\/en\/wp-json\/wp\/v2\/posts\/38977\/revisions\/44608"}],"wp:featuredmedia":[{"embeddable":true,"href":"https:\/\/artipelag.se\/en\/wp-json\/wp\/v2\/media\/38422"}],"wp:attachment":[{"href":"https:\/\/artipelag.se\/en\/wp-json\/wp\/v2\/media?parent=38977"}],"wp:term":[{"taxonomy":"category","embeddable":true,"href":"https:\/\/artipelag.se\/en\/wp-json\/wp\/v2\/categories?post=38977"},{"taxonomy":"post_tag","embeddable":true,"href":"https:\/\/artipelag.se\/en\/wp-json\/wp\/v2\/tags?post=38977"}],"curies":[{"name":"wp","href":"https:\/\/api.w.org\/{rel}","templated":true}]}}