{"id":14646,"date":"2016-07-06T16:16:11","date_gmt":"2016-07-06T14:16:11","guid":{"rendered":"https:\/\/artipelag.se\/en\/news\/grillbuffe-badan-buffet-cafe\/"},"modified":"2021-09-28T17:05:20","modified_gmt":"2021-09-28T15:05:20","slug":"barbeque-buffet-at-badan-buffet-cafe","status":"publish","type":"post","link":"https:\/\/artipelag.se\/en\/news\/barbeque-buffet-at-badan-buffet-cafe\/","title":{"rendered":"Barbeque Buffet at B\u00e5dan Buffet &amp; Caf\u00e9"},"content":{"rendered":"<div class=\"max-w-screen-md mt-5 mx-auto first:mt-0\"><div\n  class=\"prose sm:prose-lg lg:prose-xl\"\n  x-data=\"\"\n  x-init=\"$nextTick(function () {\n    const videoEmbeds = document.querySelectorAll('.wp-block-embed.is-type-video');\n    videoEmbeds.forEach(function (embed) {\n      if (!embed.classList.contains('wp-embed-aspect-16-9') || !embed.classList.contains('wp-has-aspect-ratio')) {\n        embed.classList.add('wp-embed-aspect-16-9', 'wp-has-aspect-ratio');\n      }\n    });\n  })\"\n>\n  \r\n<p>On Saturday August 6<sup>th, <\/sup>13<sup>th, <\/sup>20<sup>th <\/sup>and 27<sup>th<\/sup>, we will be firing up the grills outside of <a href=\"\/?page_id=5713\">B\u00e5dan Buffet &amp; Caf\u00e9<\/a> with an offering of steak, chicken, sausages, salmon and halloumi. Accompaniments will include a mix of salads, French fries, and roasted vegetables. As a prelude to the evening, there will be a selection of appetizers and cold cuts available, and after dinner we will serve an assortment of cheeses and desserts.<\/p>\r\n\n<\/div>\n<\/div>\r\n\r\n<div class=\"max-w-screen-md mt-5 mx-auto first:mt-0\"><div\n  class=\"prose sm:prose-lg lg:prose-xl\"\n  x-data=\"\"\n  x-init=\"$nextTick(function () {\n    const videoEmbeds = document.querySelectorAll('.wp-block-embed.is-type-video');\n    videoEmbeds.forEach(function (embed) {\n      if (!embed.classList.contains('wp-embed-aspect-16-9') || !embed.classList.contains('wp-has-aspect-ratio')) {\n        embed.classList.add('wp-embed-aspect-16-9', 'wp-has-aspect-ratio');\n      }\n    });\n  })\"\n>\n  \r\n<p>This is one meal we can guarantee that nobody will leave hungry from!<\/p>\r\n\n<\/div>\n<\/div>\r\n\r\n<div class=\"max-w-screen-md mt-5 mx-auto first:mt-0\"><div\n  class=\"prose sm:prose-lg lg:prose-xl\"\n  x-data=\"\"\n  x-init=\"$nextTick(function () {\n    const videoEmbeds = document.querySelectorAll('.wp-block-embed.is-type-video');\n    videoEmbeds.forEach(function (embed) {\n      if (!embed.classList.contains('wp-embed-aspect-16-9') || !embed.classList.contains('wp-has-aspect-ratio')) {\n        embed.classList.add('wp-embed-aspect-16-9', 'wp-has-aspect-ratio');\n      }\n    });\n  })\"\n>\n  \r\n<p><strong>Dates:<\/strong> Saturday August 6<sup>th<\/sup>, 13<sup>th<\/sup>, 20<sup>th <\/sup>and 27<sup>th<br>\n<\/sup><strong>Time:<\/strong> 5 pm to 10 pm (kitchen closes at 9 pm)<br>\n<strong>Price:<\/strong> 365 SEK per person (15 SEK per year for children 12 and under \u2013 ex. 8 years old = 15\u00d78 = 120 SEK)<\/p>\r\n\n<\/div>\n<\/div>\r\n\r\n<div class=\"max-w-screen-md mt-5 mx-auto first:mt-0\"><div\n  class=\"prose sm:prose-lg lg:prose-xl\"\n  x-data=\"\"\n  x-init=\"$nextTick(function () {\n    const videoEmbeds = document.querySelectorAll('.wp-block-embed.is-type-video');\n    videoEmbeds.forEach(function (embed) {\n      if (!embed.classList.contains('wp-embed-aspect-16-9') || !embed.classList.contains('wp-has-aspect-ratio')) {\n        embed.classList.add('wp-embed-aspect-16-9', 'wp-has-aspect-ratio');\n      }\n    });\n  })\"\n>\n  \r\n<p>To book your place, please get in touch via email at <a href=\"mailto:&#114;e&#115;ta&#117;&#114;&#97;&#110;&#103;&#64;a&#114;t&#105;&#112;elag.&#115;&#101;\">&#114;estau&#114;an&#103;&#64;ar&#116;&#105;pel&#97;g&#46;&#115;&#101;<\/a> or call +46 (0)8 570 130 50. Drop-ins are welcome too!<\/p>\r\n\n<\/div>\n<\/div>\r\n\r\n<div class=\"max-w-screen-md mt-5 mx-auto first:mt-0\"><div\n  class=\"prose sm:prose-lg lg:prose-xl\"\n  x-data=\"\"\n  x-init=\"$nextTick(function () {\n    const videoEmbeds = document.querySelectorAll('.wp-block-embed.is-type-video');\n    videoEmbeds.forEach(function (embed) {\n      if (!embed.classList.contains('wp-embed-aspect-16-9') || !embed.classList.contains('wp-has-aspect-ratio')) {\n        embed.classList.add('wp-embed-aspect-16-9', 'wp-has-aspect-ratio');\n      }\n    });\n  })\"\n>\n  \r\n<p>In case of heavy rain, we will light a cozy fire and will grill in the kitchen.<\/p>\r\n\n<\/div>\n<\/div>\r\n\r\n<div class=\"max-w-screen-md mt-5 mx-auto first:mt-0\"><div\n  class=\"prose sm:prose-lg lg:prose-xl\"\n  x-data=\"\"\n  x-init=\"$nextTick(function () {\n    const videoEmbeds = document.querySelectorAll('.wp-block-embed.is-type-video');\n    videoEmbeds.forEach(function (embed) {\n      if (!embed.classList.contains('wp-embed-aspect-16-9') || !embed.classList.contains('wp-has-aspect-ratio')) {\n        embed.classList.add('wp-embed-aspect-16-9', 'wp-has-aspect-ratio');\n      }\n    });\n  })\"\n>\n  \r\n<p>Transportation to Artipelag is available through our own <a href=\"\/?p=13549\">free shuttle bus<\/a> that will take you from Stockholm city centre out to Artipelag. For the return journey, we can arrange a <a href=\"http:\/\/varmdotaxi.se\/\" target=\"_blank\" rel=\"noopener\">taxi<\/a> at a discounted fare that will take you either all the way into Stockhom city, or to a nearby bus stop from where regular SL buses can take you directly to Slussen metro station (travel time is approx. 20 minutes).<\/p>\r\n\n<\/div>\n<\/div>\r\n\r\n","protected":false},"excerpt":{"rendered":"<p>On Saturday August 6th, 13th, 20th and 27th, we will be firing up the grills outside of B\u00e5dan Buffet &amp; Caf\u00e9 with an offering of steak, chicken, sausages, salmon and halloumi. Accompaniments will include a mix of salads, French fries, and roasted vegetables. As a prelude to the evening, there will be a selection of &hellip; <a href=\"https:\/\/artipelag.se\/en\/news\/barbeque-buffet-at-badan-buffet-cafe\/\">Continued<\/a><\/p>\n","protected":false},"author":24,"featured_media":13179,"comment_status":"closed","ping_status":"closed","sticky":false,"template":"","format":"standard","meta":{"_acf_changed":false,"footnotes":""},"categories":[2],"tags":[],"class_list":["post-14646","post","type-post","status-publish","format-standard","has-post-thumbnail","hentry","category-news"],"acf":[],"yoast_head":"<!-- This site is optimized with the Yoast SEO Premium plugin v26.7 (Yoast SEO v26.7) - https:\/\/yoast.com\/wordpress\/plugins\/seo\/ -->\n<title>Barbeque Buffet at B\u00e5dan Buffet &amp; Caf\u00e9 - Artipelag<\/title>\n<meta name=\"robots\" content=\"index, follow, max-snippet:-1, max-image-preview:large, max-video-preview:-1\" \/>\n<link rel=\"canonical\" href=\"https:\/\/artipelag.se\/en\/news\/barbeque-buffet-at-badan-buffet-cafe\/\" \/>\n<meta property=\"og:locale\" content=\"en_US\" \/>\n<meta property=\"og:type\" content=\"article\" \/>\n<meta property=\"og:title\" content=\"Barbeque Buffet at B\u00e5dan Buffet &amp; Caf\u00e9\" \/>\n<meta property=\"og:description\" content=\"On Saturday August 6th, 13th, 20th and 27th, we will be firing up the grills outside of B\u00e5dan Buffet &amp; Caf\u00e9 with an offering of steak, chicken, sausages, salmon and halloumi. Accompaniments will include a mix of salads, French fries, and roasted vegetables. As a prelude to the evening, there will be a selection of &hellip; Continued\" \/>\n<meta property=\"og:url\" content=\"https:\/\/artipelag.se\/en\/news\/barbeque-buffet-at-badan-buffet-cafe\/\" \/>\n<meta property=\"og:site_name\" content=\"Artipelag\" \/>\n<meta property=\"article:publisher\" content=\"https:\/\/www.facebook.com\/artipelag\/\" \/>\n<meta property=\"article:published_time\" content=\"2016-07-06T14:16:11+00:00\" \/>\n<meta property=\"article:modified_time\" content=\"2021-09-28T15:05:20+00:00\" \/>\n<meta property=\"og:image\" content=\"https:\/\/artipelag.se\/app\/uploads\/2016\/04\/grill-1170x488-px.jpg\" \/>\n\t<meta property=\"og:image:width\" content=\"1170\" \/>\n\t<meta property=\"og:image:height\" content=\"488\" \/>\n\t<meta property=\"og:image:type\" content=\"image\/jpeg\" \/>\n<meta name=\"author\" content=\"Josefin Sahlin\" \/>\n<meta name=\"twitter:card\" content=\"summary_large_image\" \/>\n<meta name=\"twitter:creator\" content=\"@artipelag\" \/>\n<meta name=\"twitter:site\" content=\"@artipelag\" \/>\n<meta name=\"twitter:label1\" content=\"Written by\" \/>\n\t<meta name=\"twitter:data1\" content=\"Josefin Sahlin\" \/>\n\t<meta name=\"twitter:label2\" content=\"Est. reading time\" \/>\n\t<meta name=\"twitter:data2\" content=\"1 minute\" \/>\n<script type=\"application\/ld+json\" class=\"yoast-schema-graph\">{\"@context\":\"https:\/\/schema.org\",\"@graph\":[{\"@type\":\"Article\",\"@id\":\"https:\/\/artipelag.se\/en\/news\/barbeque-buffet-at-badan-buffet-cafe\/#article\",\"isPartOf\":{\"@id\":\"https:\/\/artipelag.se\/en\/news\/barbeque-buffet-at-badan-buffet-cafe\/\"},\"author\":{\"name\":\"Josefin Sahlin\",\"@id\":\"https:\/\/artipelag.se\/en\/#\/schema\/person\/1f4a8402f7c223aa7e8baf2320681723\"},\"headline\":\"Barbeque Buffet at B\u00e5dan Buffet &amp; Caf\u00e9\",\"datePublished\":\"2016-07-06T14:16:11+00:00\",\"dateModified\":\"2021-09-28T15:05:20+00:00\",\"mainEntityOfPage\":{\"@id\":\"https:\/\/artipelag.se\/en\/news\/barbeque-buffet-at-badan-buffet-cafe\/\"},\"wordCount\":232,\"publisher\":{\"@id\":\"https:\/\/artipelag.se\/en\/#organization\"},\"image\":{\"@id\":\"https:\/\/artipelag.se\/en\/news\/barbeque-buffet-at-badan-buffet-cafe\/#primaryimage\"},\"thumbnailUrl\":\"https:\/\/cdn.artipelag.se\/app\/uploads\/2016\/04\/grill-1170x488-px.jpg?strip=all\",\"articleSection\":[\"News\"],\"inLanguage\":\"en-US\"},{\"@type\":\"WebPage\",\"@id\":\"https:\/\/artipelag.se\/en\/news\/barbeque-buffet-at-badan-buffet-cafe\/\",\"url\":\"https:\/\/artipelag.se\/en\/news\/barbeque-buffet-at-badan-buffet-cafe\/\",\"name\":\"Barbeque Buffet at B\u00e5dan Buffet &amp; Caf\u00e9 - Artipelag\",\"isPartOf\":{\"@id\":\"https:\/\/artipelag.se\/en\/#website\"},\"primaryImageOfPage\":{\"@id\":\"https:\/\/artipelag.se\/en\/news\/barbeque-buffet-at-badan-buffet-cafe\/#primaryimage\"},\"image\":{\"@id\":\"https:\/\/artipelag.se\/en\/news\/barbeque-buffet-at-badan-buffet-cafe\/#primaryimage\"},\"thumbnailUrl\":\"https:\/\/cdn.artipelag.se\/app\/uploads\/2016\/04\/grill-1170x488-px.jpg?strip=all\",\"datePublished\":\"2016-07-06T14:16:11+00:00\",\"dateModified\":\"2021-09-28T15:05:20+00:00\",\"breadcrumb\":{\"@id\":\"https:\/\/artipelag.se\/en\/news\/barbeque-buffet-at-badan-buffet-cafe\/#breadcrumb\"},\"inLanguage\":\"en-US\",\"potentialAction\":[{\"@type\":\"ReadAction\",\"target\":[\"https:\/\/artipelag.se\/en\/news\/barbeque-buffet-at-badan-buffet-cafe\/\"]}]},{\"@type\":\"ImageObject\",\"inLanguage\":\"en-US\",\"@id\":\"https:\/\/artipelag.se\/en\/news\/barbeque-buffet-at-badan-buffet-cafe\/#primaryimage\",\"url\":\"https:\/\/cdn.artipelag.se\/app\/uploads\/2016\/04\/grill-1170x488-px.jpg?strip=all\",\"contentUrl\":\"https:\/\/cdn.artipelag.se\/app\/uploads\/2016\/04\/grill-1170x488-px.jpg?strip=all\",\"width\":1170,\"height\":488},{\"@type\":\"BreadcrumbList\",\"@id\":\"https:\/\/artipelag.se\/en\/news\/barbeque-buffet-at-badan-buffet-cafe\/#breadcrumb\",\"itemListElement\":[{\"@type\":\"ListItem\",\"position\":1,\"name\":\"Hem\",\"item\":\"https:\/\/artipelag.se\/en\/\"},{\"@type\":\"ListItem\",\"position\":2,\"name\":\"Barbeque Buffet at B\u00e5dan Buffet &amp; Caf\u00e9\"}]},{\"@type\":\"WebSite\",\"@id\":\"https:\/\/artipelag.se\/en\/#website\",\"url\":\"https:\/\/artipelag.se\/en\/\",\"name\":\"Artipelag\",\"description\":\"Artipelag is a new international venue for art, good food, events and activities \u2013 beautifully set on V\u00e4rmd\u00f6 in the Stockholm Archipelago, just 20 minutes from the city centre.\",\"publisher\":{\"@id\":\"https:\/\/artipelag.se\/en\/#organization\"},\"potentialAction\":[{\"@type\":\"SearchAction\",\"target\":{\"@type\":\"EntryPoint\",\"urlTemplate\":\"https:\/\/artipelag.se\/en\/?s={search_term_string}\"},\"query-input\":{\"@type\":\"PropertyValueSpecification\",\"valueRequired\":true,\"valueName\":\"search_term_string\"}}],\"inLanguage\":\"en-US\"},{\"@type\":\"Organization\",\"@id\":\"https:\/\/artipelag.se\/en\/#organization\",\"name\":\"Artipelag\",\"url\":\"https:\/\/artipelag.se\/en\/\",\"logo\":{\"@type\":\"ImageObject\",\"inLanguage\":\"en-US\",\"@id\":\"https:\/\/artipelag.se\/en\/#\/schema\/logo\/image\/\",\"url\":\"https:\/\/artipelag.se\/app\/uploads\/2015\/09\/logga2.jpg\",\"contentUrl\":\"https:\/\/artipelag.se\/app\/uploads\/2015\/09\/logga2.jpg\",\"width\":700,\"height\":700,\"caption\":\"Artipelag\"},\"image\":{\"@id\":\"https:\/\/artipelag.se\/en\/#\/schema\/logo\/image\/\"},\"sameAs\":[\"https:\/\/www.facebook.com\/artipelag\/\",\"https:\/\/x.com\/artipelag\",\"https:\/\/www.instagram.com\/artipelag\/\",\"https:\/\/www.linkedin.com\/company\/artipelag\",\"https:\/\/www.youtube.com\/user\/ArtipelagSweden\"]},{\"@type\":\"Person\",\"@id\":\"https:\/\/artipelag.se\/en\/#\/schema\/person\/1f4a8402f7c223aa7e8baf2320681723\",\"name\":\"Josefin Sahlin\",\"image\":{\"@type\":\"ImageObject\",\"inLanguage\":\"en-US\",\"@id\":\"https:\/\/artipelag.se\/en\/#\/schema\/person\/image\/\",\"url\":\"https:\/\/secure.gravatar.com\/avatar\/3a174affee3218a87e274e6ef4d284ae88ca8d3334ddb3b2a466a9f832bd130b?s=96&d=mm&r=g\",\"contentUrl\":\"https:\/\/secure.gravatar.com\/avatar\/3a174affee3218a87e274e6ef4d284ae88ca8d3334ddb3b2a466a9f832bd130b?s=96&d=mm&r=g\",\"caption\":\"Josefin Sahlin\"}}]}<\/script>\n<!-- \/ Yoast SEO Premium plugin. -->","yoast_head_json":{"title":"Barbeque Buffet at B\u00e5dan Buffet &amp; Caf\u00e9 - Artipelag","robots":{"index":"index","follow":"follow","max-snippet":"max-snippet:-1","max-image-preview":"max-image-preview:large","max-video-preview":"max-video-preview:-1"},"canonical":"https:\/\/artipelag.se\/en\/news\/barbeque-buffet-at-badan-buffet-cafe\/","og_locale":"en_US","og_type":"article","og_title":"Barbeque Buffet at B\u00e5dan Buffet &amp; Caf\u00e9","og_description":"On Saturday August 6th, 13th, 20th and 27th, we will be firing up the grills outside of B\u00e5dan Buffet &amp; Caf\u00e9 with an offering of steak, chicken, sausages, salmon and halloumi. Accompaniments will include a mix of salads, French fries, and roasted vegetables. As a prelude to the evening, there will be a selection of &hellip; Continued","og_url":"https:\/\/artipelag.se\/en\/news\/barbeque-buffet-at-badan-buffet-cafe\/","og_site_name":"Artipelag","article_publisher":"https:\/\/www.facebook.com\/artipelag\/","article_published_time":"2016-07-06T14:16:11+00:00","article_modified_time":"2021-09-28T15:05:20+00:00","og_image":[{"width":1170,"height":488,"url":"https:\/\/artipelag.se\/app\/uploads\/2016\/04\/grill-1170x488-px.jpg","type":"image\/jpeg"}],"author":"Josefin Sahlin","twitter_card":"summary_large_image","twitter_creator":"@artipelag","twitter_site":"@artipelag","twitter_misc":{"Written by":"Josefin Sahlin","Est. reading time":"1 minute"},"schema":{"@context":"https:\/\/schema.org","@graph":[{"@type":"Article","@id":"https:\/\/artipelag.se\/en\/news\/barbeque-buffet-at-badan-buffet-cafe\/#article","isPartOf":{"@id":"https:\/\/artipelag.se\/en\/news\/barbeque-buffet-at-badan-buffet-cafe\/"},"author":{"name":"Josefin Sahlin","@id":"https:\/\/artipelag.se\/en\/#\/schema\/person\/1f4a8402f7c223aa7e8baf2320681723"},"headline":"Barbeque Buffet at B\u00e5dan Buffet &amp; Caf\u00e9","datePublished":"2016-07-06T14:16:11+00:00","dateModified":"2021-09-28T15:05:20+00:00","mainEntityOfPage":{"@id":"https:\/\/artipelag.se\/en\/news\/barbeque-buffet-at-badan-buffet-cafe\/"},"wordCount":232,"publisher":{"@id":"https:\/\/artipelag.se\/en\/#organization"},"image":{"@id":"https:\/\/artipelag.se\/en\/news\/barbeque-buffet-at-badan-buffet-cafe\/#primaryimage"},"thumbnailUrl":"https:\/\/cdn.artipelag.se\/app\/uploads\/2016\/04\/grill-1170x488-px.jpg?strip=all","articleSection":["News"],"inLanguage":"en-US"},{"@type":"WebPage","@id":"https:\/\/artipelag.se\/en\/news\/barbeque-buffet-at-badan-buffet-cafe\/","url":"https:\/\/artipelag.se\/en\/news\/barbeque-buffet-at-badan-buffet-cafe\/","name":"Barbeque Buffet at B\u00e5dan Buffet &amp; Caf\u00e9 - Artipelag","isPartOf":{"@id":"https:\/\/artipelag.se\/en\/#website"},"primaryImageOfPage":{"@id":"https:\/\/artipelag.se\/en\/news\/barbeque-buffet-at-badan-buffet-cafe\/#primaryimage"},"image":{"@id":"https:\/\/artipelag.se\/en\/news\/barbeque-buffet-at-badan-buffet-cafe\/#primaryimage"},"thumbnailUrl":"https:\/\/cdn.artipelag.se\/app\/uploads\/2016\/04\/grill-1170x488-px.jpg?strip=all","datePublished":"2016-07-06T14:16:11+00:00","dateModified":"2021-09-28T15:05:20+00:00","breadcrumb":{"@id":"https:\/\/artipelag.se\/en\/news\/barbeque-buffet-at-badan-buffet-cafe\/#breadcrumb"},"inLanguage":"en-US","potentialAction":[{"@type":"ReadAction","target":["https:\/\/artipelag.se\/en\/news\/barbeque-buffet-at-badan-buffet-cafe\/"]}]},{"@type":"ImageObject","inLanguage":"en-US","@id":"https:\/\/artipelag.se\/en\/news\/barbeque-buffet-at-badan-buffet-cafe\/#primaryimage","url":"https:\/\/cdn.artipelag.se\/app\/uploads\/2016\/04\/grill-1170x488-px.jpg?strip=all","contentUrl":"https:\/\/cdn.artipelag.se\/app\/uploads\/2016\/04\/grill-1170x488-px.jpg?strip=all","width":1170,"height":488},{"@type":"BreadcrumbList","@id":"https:\/\/artipelag.se\/en\/news\/barbeque-buffet-at-badan-buffet-cafe\/#breadcrumb","itemListElement":[{"@type":"ListItem","position":1,"name":"Hem","item":"https:\/\/artipelag.se\/en\/"},{"@type":"ListItem","position":2,"name":"Barbeque Buffet at B\u00e5dan Buffet &amp; Caf\u00e9"}]},{"@type":"WebSite","@id":"https:\/\/artipelag.se\/en\/#website","url":"https:\/\/artipelag.se\/en\/","name":"Artipelag","description":"Artipelag is a new international venue for art, good food, events and activities \u2013 beautifully set on V\u00e4rmd\u00f6 in the Stockholm Archipelago, just 20 minutes from the city centre.","publisher":{"@id":"https:\/\/artipelag.se\/en\/#organization"},"potentialAction":[{"@type":"SearchAction","target":{"@type":"EntryPoint","urlTemplate":"https:\/\/artipelag.se\/en\/?s={search_term_string}"},"query-input":{"@type":"PropertyValueSpecification","valueRequired":true,"valueName":"search_term_string"}}],"inLanguage":"en-US"},{"@type":"Organization","@id":"https:\/\/artipelag.se\/en\/#organization","name":"Artipelag","url":"https:\/\/artipelag.se\/en\/","logo":{"@type":"ImageObject","inLanguage":"en-US","@id":"https:\/\/artipelag.se\/en\/#\/schema\/logo\/image\/","url":"https:\/\/artipelag.se\/app\/uploads\/2015\/09\/logga2.jpg","contentUrl":"https:\/\/artipelag.se\/app\/uploads\/2015\/09\/logga2.jpg","width":700,"height":700,"caption":"Artipelag"},"image":{"@id":"https:\/\/artipelag.se\/en\/#\/schema\/logo\/image\/"},"sameAs":["https:\/\/www.facebook.com\/artipelag\/","https:\/\/x.com\/artipelag","https:\/\/www.instagram.com\/artipelag\/","https:\/\/www.linkedin.com\/company\/artipelag","https:\/\/www.youtube.com\/user\/ArtipelagSweden"]},{"@type":"Person","@id":"https:\/\/artipelag.se\/en\/#\/schema\/person\/1f4a8402f7c223aa7e8baf2320681723","name":"Josefin Sahlin","image":{"@type":"ImageObject","inLanguage":"en-US","@id":"https:\/\/artipelag.se\/en\/#\/schema\/person\/image\/","url":"https:\/\/secure.gravatar.com\/avatar\/3a174affee3218a87e274e6ef4d284ae88ca8d3334ddb3b2a466a9f832bd130b?s=96&d=mm&r=g","contentUrl":"https:\/\/secure.gravatar.com\/avatar\/3a174affee3218a87e274e6ef4d284ae88ca8d3334ddb3b2a466a9f832bd130b?s=96&d=mm&r=g","caption":"Josefin Sahlin"}}]}},"_links":{"self":[{"href":"https:\/\/artipelag.se\/en\/wp-json\/wp\/v2\/posts\/14646","targetHints":{"allow":["GET"]}}],"collection":[{"href":"https:\/\/artipelag.se\/en\/wp-json\/wp\/v2\/posts"}],"about":[{"href":"https:\/\/artipelag.se\/en\/wp-json\/wp\/v2\/types\/post"}],"author":[{"embeddable":true,"href":"https:\/\/artipelag.se\/en\/wp-json\/wp\/v2\/users\/24"}],"replies":[{"embeddable":true,"href":"https:\/\/artipelag.se\/en\/wp-json\/wp\/v2\/comments?post=14646"}],"version-history":[{"count":9,"href":"https:\/\/artipelag.se\/en\/wp-json\/wp\/v2\/posts\/14646\/revisions"}],"predecessor-version":[{"id":44430,"href":"https:\/\/artipelag.se\/en\/wp-json\/wp\/v2\/posts\/14646\/revisions\/44430"}],"wp:featuredmedia":[{"embeddable":true,"href":"https:\/\/artipelag.se\/en\/wp-json\/wp\/v2\/media\/13179"}],"wp:attachment":[{"href":"https:\/\/artipelag.se\/en\/wp-json\/wp\/v2\/media?parent=14646"}],"wp:term":[{"taxonomy":"category","embeddable":true,"href":"https:\/\/artipelag.se\/en\/wp-json\/wp\/v2\/categories?post=14646"},{"taxonomy":"post_tag","embeddable":true,"href":"https:\/\/artipelag.se\/en\/wp-json\/wp\/v2\/tags?post=14646"}],"curies":[{"name":"wp","href":"https:\/\/api.w.org\/{rel}","templated":true}]}}