{"id":12215,"date":"2016-03-20T13:52:03","date_gmt":"2016-03-20T12:52:03","guid":{"rendered":"https:\/\/artipelag.se\/en\/?p=12215"},"modified":"2021-09-28T17:05:20","modified_gmt":"2021-09-28T15:05:20","slug":"easter-at-artipelag","status":"publish","type":"post","link":"https:\/\/artipelag.se\/en\/news\/easter-at-artipelag\/","title":{"rendered":"Easter at Artipelag"},"content":{"rendered":"<div class=\"max-w-screen-md mt-5 mx-auto first:mt-0\"><div\n  class=\"prose sm:prose-lg lg:prose-xl\"\n  x-data=\"\"\n  x-init=\"$nextTick(function () {\n    const videoEmbeds = document.querySelectorAll('.wp-block-embed.is-type-video');\n    videoEmbeds.forEach(function (embed) {\n      if (!embed.classList.contains('wp-embed-aspect-16-9') || !embed.classList.contains('wp-has-aspect-ratio')) {\n        embed.classList.add('wp-embed-aspect-16-9', 'wp-has-aspect-ratio');\n      }\n    });\n  })\"\n>\n  \r\n<p>During Easter at Artipelag we offer several entertaining activities.<\/p>\r\n\n<\/div>\n<\/div>\r\n\r\n<div class=\"max-w-screen-md mt-5 mt-5 mx-auto xl:mt-8 xl:mt-8 mt-5 mx-auto xl:mt-8 first:mt-0\">\r\n<h3 id=\"family-tour-march-29-april-3\" class=\" wp-block-heading\">Family tour March 29 \u2013 April 3<\/h3>\r\n<\/div>\r\n\r\n<div class=\"max-w-screen-md mt-5 mx-auto first:mt-0\"><div\n  class=\"prose sm:prose-lg lg:prose-xl\"\n  x-data=\"\"\n  x-init=\"$nextTick(function () {\n    const videoEmbeds = document.querySelectorAll('.wp-block-embed.is-type-video');\n    videoEmbeds.forEach(function (embed) {\n      if (!embed.classList.contains('wp-embed-aspect-16-9') || !embed.classList.contains('wp-has-aspect-ratio')) {\n        embed.classList.add('wp-embed-aspect-16-9', 'wp-has-aspect-ratio');\n      }\n    });\n  })\"\n>\n  \r\n<p>Big or small, young or old, we welcome you all to a <a href=\"\/?page_id=8070\">guided tour<\/a> of Artipelag; learn more about the architecture, nature and the founder\u2019s visions. The tours are held at 2 pm-2.45 pm, please gather by the Information desk. Adults SEK 60\/person, children go for free. No pre-registration required. The tour is in Swedish only.<\/p>\r\n\n<\/div>\n<\/div>\r\n\r\n<div class=\"max-w-screen-md mt-5 mx-auto first:mt-0\"><div\n  class=\"prose sm:prose-lg lg:prose-xl\"\n  x-data=\"\"\n  x-init=\"$nextTick(function () {\n    const videoEmbeds = document.querySelectorAll('.wp-block-embed.is-type-video');\n    videoEmbeds.forEach(function (embed) {\n      if (!embed.classList.contains('wp-embed-aspect-16-9') || !embed.classList.contains('wp-has-aspect-ratio')) {\n        embed.classList.add('wp-embed-aspect-16-9', 'wp-has-aspect-ratio');\n      }\n    });\n  })\"\n>\n  \r\n<p>(The tour is also carried out during April 5\u201312, but then only for adults.)<\/p>\r\n\n<\/div>\n<\/div>\r\n\r\n<div class=\"max-w-screen-md mt-5 mt-5 mx-auto xl:mt-8 xl:mt-8 mt-5 mx-auto xl:mt-8 first:mt-0\">\r\n<h3 id=\"family-weekend-with-candy-selfies-workshop-for-children-april-2-3\" class=\" wp-block-heading\">Family weekend with candy-selfies: workshop for children April 2-3<\/h3>\r\n<\/div>\r\n\r\n<div class=\"max-w-screen-md mt-5 mx-auto first:mt-0\"><div\n  class=\"prose sm:prose-lg lg:prose-xl\"\n  x-data=\"\"\n  x-init=\"$nextTick(function () {\n    const videoEmbeds = document.querySelectorAll('.wp-block-embed.is-type-video');\n    videoEmbeds.forEach(function (embed) {\n      if (!embed.classList.contains('wp-embed-aspect-16-9') || !embed.classList.contains('wp-has-aspect-ratio')) {\n        embed.classList.add('wp-embed-aspect-16-9', 'wp-has-aspect-ratio');\n      }\n    });\n  })\"\n>\n  \r\n<p>We round-off Easter with a weekend filled with activities for the whole family and delicious food in our restaurants. Enjoy all the fun we have to offer- go fishing for a grab-bag April 2, 11am-4pm, or join in on our selfie-themed workshop for children!<\/p>\r\n\n<\/div>\n<\/div>\r\n\r\n<div class=\"max-w-screen-md mt-5 mx-auto first:mt-0\"><div\n  class=\"prose sm:prose-lg lg:prose-xl\"\n  x-data=\"\"\n  x-init=\"$nextTick(function () {\n    const videoEmbeds = document.querySelectorAll('.wp-block-embed.is-type-video');\n    videoEmbeds.forEach(function (embed) {\n      if (!embed.classList.contains('wp-embed-aspect-16-9') || !embed.classList.contains('wp-has-aspect-ratio')) {\n        embed.classList.add('wp-embed-aspect-16-9', 'wp-has-aspect-ratio');\n      }\n    });\n  })\"\n>\n  \r\n<p><em><strong>Practical information:<\/strong> we gather inside the Studio at 11am or 2pm, where you leave your children. The workshop begins at 11.10am or 14.10pm and finishes at 12.40pm or 3.40pm. Please note that parents are only welcome under special circumstances. This session is in Swedish only!<\/em><br>\n<em><strong>Participants:<\/strong> Maximum of 14 children per workshop. Age 6-13 years.<\/em><br>\n<em><strong>Price:<\/strong> SEK 130\/child. Payment is paid in advance (adults may join for free, but please note that this is an activity for children) Material is included in the price.<\/em><br>\n<em><strong>When:<\/strong> 2\u20133 April, two workshops a day, 11am-12.40pm or 2pm-3.40pm.<\/em><br>\n<em>Register at <a href=\"mailto:in&#102;&#111;&#64;a&#114;&#116;ipel&#97;g&#46;s&#101;\">&#105;n&#102;&#111;&#64;a&#114;t&#105;p&#101;&#108;&#97;&#103;&#46;s&#101;<\/a> (please add number of children, name, age, date and time and contact details to guardian). Registration is binding. Restricted number of participants.<\/em><\/p>\r\n\n<\/div>\n<\/div>\r\n\r\n<div class=\"max-w-screen-md mt-5 mt-5 mx-auto xl:mt-8 xl:mt-8 mt-5 mx-auto xl:mt-8 first:mt-0\">\r\n<h3 id=\"outdoor-quiz-and-indoor-acitivties\" class=\" wp-block-heading\">Outdoor quiz and indoor acitivties<\/h3>\r\n<\/div>\r\n\r\n<div class=\"max-w-screen-md mt-5 mx-auto first:mt-0\"><div\n  class=\"prose sm:prose-lg lg:prose-xl\"\n  x-data=\"\"\n  x-init=\"$nextTick(function () {\n    const videoEmbeds = document.querySelectorAll('.wp-block-embed.is-type-video');\n    videoEmbeds.forEach(function (embed) {\n      if (!embed.classList.contains('wp-embed-aspect-16-9') || !embed.classList.contains('wp-has-aspect-ratio')) {\n        embed.classList.add('wp-embed-aspect-16-9', 'wp-has-aspect-ratio');\n      }\n    });\n  })\"\n>\n  \r\n<p>Fresh air and tricky questions! Answer fun questions in our combined open-air walking and quiz competition. Discover our pretty playhouse or play hide and seek in the forest. Get creative with the design modules Building Pieces or go for a ride inside the Artbox with pedal cars and kick bikes. Free!<\/p>\r\n\n<\/div>\n<\/div>\r\n\r\n<div class=\"max-w-screen-md mt-5 mt-5 mx-auto xl:mt-8 xl:mt-8 mt-5 mx-auto xl:mt-8 first:mt-0\">\r\n<h3 id=\"brunch-in-badan-buffet-cafe\" class=\" wp-block-heading\">Brunch in B\u00e5dan Buffet &amp; Caf\u00e9<\/h3>\r\n<\/div>\r\n\r\n<div class=\"max-w-screen-md mt-5 mx-auto first:mt-0\"><div\n  class=\"prose sm:prose-lg lg:prose-xl\"\n  x-data=\"\"\n  x-init=\"$nextTick(function () {\n    const videoEmbeds = document.querySelectorAll('.wp-block-embed.is-type-video');\n    videoEmbeds.forEach(function (embed) {\n      if (!embed.classList.contains('wp-embed-aspect-16-9') || !embed.classList.contains('wp-has-aspect-ratio')) {\n        embed.classList.add('wp-embed-aspect-16-9', 'wp-has-aspect-ratio');\n      }\n    });\n  })\"\n>\n  \r\n<p>Nothing is more relaxing than a nice and cozy brunch! Drop by with your family and friends and treat yourselves to our popular brunch. Our younger guest can also enjoy our lovely pancake buffet. Artipelag\u2019s in-house bakery offers delicious sweet and savoury treats so relax and savour our stunning view over the archipelgo whilst enjoying your tasty treats.<\/p>\r\n\n<\/div>\n<\/div>\r\n\r\n<div class=\"max-w-screen-md mt-5 mt-5 mx-auto xl:mt-8 xl:mt-8 mt-5 mx-auto xl:mt-8 first:mt-0\">\r\n<h3 id=\"complete-your-easter-egg-in-artipelag-design-shop\" class=\" wp-block-heading\">Complete your Easter egg in Artipelag Design Shop<\/h3>\r\n<\/div>\r\n\r\n<div class=\"max-w-screen-md mt-5 mx-auto first:mt-0\"><div\n  class=\"prose sm:prose-lg lg:prose-xl\"\n  x-data=\"\"\n  x-init=\"$nextTick(function () {\n    const videoEmbeds = document.querySelectorAll('.wp-block-embed.is-type-video');\n    videoEmbeds.forEach(function (embed) {\n      if (!embed.classList.contains('wp-embed-aspect-16-9') || !embed.classList.contains('wp-has-aspect-ratio')) {\n        embed.classList.add('wp-embed-aspect-16-9', 'wp-has-aspect-ratio');\n      }\n    });\n  })\"\n>\n  \r\n<p>FilI your Easter eggs with stunning gifts! Our design shop offers beautiful gifts- mouth watering Easter candy and crisp bread from our own bakery as well as design objects. Allow yourself the luxury of an Easter gift, our linnen table cloths are perfect for the Easter table setting.<\/p>\r\n\n<\/div>\n<\/div>\r\n\r\n<div class=\"max-w-screen-md mt-5 mt-5 mx-auto xl:mt-8 xl:mt-8 mt-5 mx-auto xl:mt-8 first:mt-0\">\r\n<h3 id=\"last-chance-to-see-the-monochrome-symphony\" class=\" wp-block-heading\">Last chance to see The Monochrome Symphony<\/h3>\r\n<\/div>\r\n\r\n<div class=\"max-w-screen-md mt-5 mx-auto first:mt-0\"><div\n  class=\"prose sm:prose-lg lg:prose-xl\"\n  x-data=\"\"\n  x-init=\"$nextTick(function () {\n    const videoEmbeds = document.querySelectorAll('.wp-block-embed.is-type-video');\n    videoEmbeds.forEach(function (embed) {\n      if (!embed.classList.contains('wp-embed-aspect-16-9') || !embed.classList.contains('wp-has-aspect-ratio')) {\n        embed.classList.add('wp-embed-aspect-16-9', 'wp-has-aspect-ratio');\n      }\n    });\n  })\"\n>\n  \r\n<p>Do not miss this critically acclaimed exhibition before it ends March 28. This colourful exhibition celebrates single-coloured art, design, fashion and music. Guided tours for families and introductions are included in the entrance fee. Free entrance for children under the age of 19.<\/p>\r\n\n<\/div>\n<\/div>\r\n\r\n<div class=\"max-w-screen-md mt-5 mt-5 mx-auto xl:mt-8 xl:mt-8 mt-5 mx-auto xl:mt-8 first:mt-0\">\r\n<h3 id=\"holiday-menu-with-pickled-herring-egg-lamb-and-chocolate\" class=\" wp-block-heading\">Holiday menu with pickled herring, egg, lamb and chocolate<\/h3>\r\n<\/div>\r\n\r\n<div class=\"max-w-screen-md mt-5 mx-auto first:mt-0\"><div\n  class=\"prose sm:prose-lg lg:prose-xl\"\n  x-data=\"\"\n  x-init=\"$nextTick(function () {\n    const videoEmbeds = document.querySelectorAll('.wp-block-embed.is-type-video');\n    videoEmbeds.forEach(function (embed) {\n      if (!embed.classList.contains('wp-embed-aspect-16-9') || !embed.classList.contains('wp-has-aspect-ratio')) {\n        embed.classList.add('wp-embed-aspect-16-9', 'wp-has-aspect-ratio');\n      }\n    });\n  })\"\n>\n  \r\n<p>For a stressfree day, let head chef Stefan Pernemar and his team treat you to a wonderful gourmet experience based on traditional Swedish Easter food. The <a href=\"https:\/\/artipelag.se\/app\/uploads\/2016\/03\/artipelag-paskmeny-2016-v2.pdf\" target=\"_blank\" rel=\"noopener\">Easter menu<\/a> is served from Good Friday to Easter Monday. Set price SEK 485\/person, kids special SEK 195\/child. Reserve a table via our website or email <a href=\"mailto:re&#115;&#116;au&#114;ang&#64;&#97;&#114;tip&#101;&#108;ag.&#115;&#101;\">&#114;esta&#117;&#114;&#97;ng&#64;&#97;&#114;&#116;ip&#101;l&#97;g.s&#101;<\/a>.<\/p>\r\n\n<\/div>\n<\/div>\r\n\r\n<div class=\"max-w-screen-md mt-5 mt-5 mx-auto xl:mt-8 xl:mt-8 mt-5 mx-auto xl:mt-8 first:mt-0\">\r\n<h3 id=\"how-does-a-colour-sound-workshop-for-children-march-24-28\" class=\" wp-block-heading\">How does a colour sound? Workshop for children March 24\u201328<\/h3>\r\n<\/div>\r\n\r\n<div class=\"max-w-screen-md mt-5 mx-auto first:mt-0\"><div\n  class=\"prose sm:prose-lg lg:prose-xl\"\n  x-data=\"\"\n  x-init=\"$nextTick(function () {\n    const videoEmbeds = document.querySelectorAll('.wp-block-embed.is-type-video');\n    videoEmbeds.forEach(function (embed) {\n      if (!embed.classList.contains('wp-embed-aspect-16-9') || !embed.classList.contains('wp-has-aspect-ratio')) {\n        embed.classList.add('wp-embed-aspect-16-9', 'wp-has-aspect-ratio');\n      }\n    });\n  })\"\n>\n  \r\n<p>Create your own art work with the help from our art guide, Samuel \u00c5gren. We start off with a look at the current art exhibition, The Monochrome Symphony, followed by a workshop where you create art inspired from the exhibition. The week ends with an exhibition where each member will exhibit their art piece. There will be an art opening of this exhibition on March 28 (Easter Monday), each participant may invite five guests. This session is in Swedish only!<\/p>\r\n\n<\/div>\n<\/div>\r\n\r\n<div class=\"max-w-screen-md mt-5 mx-auto first:mt-0\"><div\n  class=\"prose sm:prose-lg lg:prose-xl\"\n  x-data=\"\"\n  x-init=\"$nextTick(function () {\n    const videoEmbeds = document.querySelectorAll('.wp-block-embed.is-type-video');\n    videoEmbeds.forEach(function (embed) {\n      if (!embed.classList.contains('wp-embed-aspect-16-9') || !embed.classList.contains('wp-has-aspect-ratio')) {\n        embed.classList.add('wp-embed-aspect-16-9', 'wp-has-aspect-ratio');\n      }\n    });\n  })\"\n>\n  \r\n<p><em><strong>Practical information:<\/strong> we gather inside the Studio at 11am, where you leave your children. The workshop begins at 11am and finishes at 12.40pm. Please note that parents are only welcome under special circumstances. Participants: Maximum of 14 children per workshop. Age 6-13 years.<\/em><br>\n<em><strong>Price:<\/strong> SEK 130\/child. Payment is paid in advance (adults may join for free, but please note that this is an activity for children) Material is included in the price. <\/em><br>\n<em><strong>When:<\/strong> Thursday\u2013Easter Monday (March 24\u201328) hours 11am\u201312.40pm. <\/em><br>\n<em><strong>Art opening:<\/strong> March 28, in the Studio at 3pm. Please note that the art works can be picked up, at the earliest, by 4pm.<\/em><br>\n<em>Register at <a href=\"mailto:&#105;nfo&#64;a&#114;t&#105;&#112;&#101;lag.&#115;&#101;\">inf&#111;&#64;&#97;&#114;&#116;i&#112;e&#108;&#97;&#103;&#46;se<\/a> (please add number of children, name, age, date and time and contact details to guardian). Registration is binding. Restricted number of participants.<\/em><\/p>\r\n\n<\/div>\n<\/div>\r\n\r\n<div class=\"max-w-screen-md mt-5 mx-auto first:mt-0\"><div\n  class=\"prose sm:prose-lg lg:prose-xl\"\n  x-data=\"\"\n  x-init=\"$nextTick(function () {\n    const videoEmbeds = document.querySelectorAll('.wp-block-embed.is-type-video');\n    videoEmbeds.forEach(function (embed) {\n      if (!embed.classList.contains('wp-embed-aspect-16-9') || !embed.classList.contains('wp-has-aspect-ratio')) {\n        embed.classList.add('wp-embed-aspect-16-9', 'wp-has-aspect-ratio');\n      }\n    });\n  })\"\n>\n  \r\n<p><strong>Welcome!<\/strong><br>\n<\/p>\r\n\n<\/div>\n<\/div>\r\n\r\n<div class=\"max-w-screen-md mt-5 mx-auto first:mt-0\"><div\n  class=\"prose sm:prose-lg lg:prose-xl\"\n  x-data=\"\"\n  x-init=\"$nextTick(function () {\n    const videoEmbeds = document.querySelectorAll('.wp-block-embed.is-type-video');\n    videoEmbeds.forEach(function (embed) {\n      if (!embed.classList.contains('wp-embed-aspect-16-9') || !embed.classList.contains('wp-has-aspect-ratio')) {\n        embed.classList.add('wp-embed-aspect-16-9', 'wp-has-aspect-ratio');\n      }\n    });\n  })\"\n>\n  \r\n<p><a href=\"https:\/\/vimeo.com\/158009316\">P\u00e5sk\u00e4gg p\u00e5 Artipelag<\/a> from <a href=\"https:\/\/vimeo.com\/artipelag\">Artipelag<\/a> on <a href=\"https:\/\/vimeo.com\">Vimeo<\/a>.<\/p>\r\n\n<\/div>\n<\/div>\r\n\r\n","protected":false},"excerpt":{"rendered":"<p>During Easter at Artipelag we offer several entertaining activities. Family tour March 29 \u2013 April 3 Big or small, young or old, we welcome you all to a guided tour of Artipelag; learn more about the architecture, nature and the founder\u2019s visions. The tours are held at 2 pm-2.45 pm, please gather by the Information &hellip; <a href=\"https:\/\/artipelag.se\/en\/news\/easter-at-artipelag\/\">Continued<\/a><\/p>\n","protected":false},"author":24,"featured_media":12458,"comment_status":"closed","ping_status":"closed","sticky":false,"template":"","format":"standard","meta":{"_acf_changed":false,"footnotes":""},"categories":[2],"tags":[],"class_list":["post-12215","post","type-post","status-publish","format-standard","has-post-thumbnail","hentry","category-news"],"acf":[],"yoast_head":"<!-- This site is optimized with the Yoast SEO Premium plugin v26.7 (Yoast SEO v26.7) - https:\/\/yoast.com\/wordpress\/plugins\/seo\/ -->\n<title>Easter at Artipelag - Artipelag<\/title>\n<meta name=\"robots\" content=\"index, follow, max-snippet:-1, max-image-preview:large, max-video-preview:-1\" \/>\n<link rel=\"canonical\" href=\"https:\/\/artipelag.se\/en\/news\/easter-at-artipelag\/\" \/>\n<meta property=\"og:locale\" content=\"en_US\" \/>\n<meta property=\"og:type\" content=\"article\" \/>\n<meta property=\"og:title\" content=\"Easter at Artipelag\" \/>\n<meta property=\"og:description\" content=\"During Easter at Artipelag we offer several entertaining activities. Family tour March 29 \u2013 April 3 Big or small, young or old, we welcome you all to a guided tour of Artipelag; learn more about the architecture, nature and the founder\u2019s visions. The tours are held at 2 pm-2.45 pm, please gather by the Information &hellip; Continued\" \/>\n<meta property=\"og:url\" content=\"https:\/\/artipelag.se\/en\/news\/easter-at-artipelag\/\" \/>\n<meta property=\"og:site_name\" content=\"Artipelag\" \/>\n<meta property=\"article:publisher\" content=\"https:\/\/www.facebook.com\/artipelag\/\" \/>\n<meta property=\"article:published_time\" content=\"2016-03-20T12:52:03+00:00\" \/>\n<meta property=\"article:modified_time\" content=\"2021-09-28T15:05:20+00:00\" \/>\n<meta property=\"og:image\" content=\"https:\/\/artipelag.se\/app\/uploads\/2016\/03\/godis-workshop-samuel-1214x805-px.jpg\" \/>\n\t<meta property=\"og:image:width\" content=\"1214\" \/>\n\t<meta property=\"og:image:height\" content=\"805\" \/>\n\t<meta property=\"og:image:type\" content=\"image\/jpeg\" \/>\n<meta name=\"author\" content=\"Josefin Sahlin\" \/>\n<meta name=\"twitter:card\" content=\"summary_large_image\" \/>\n<meta name=\"twitter:creator\" content=\"@artipelag\" \/>\n<meta name=\"twitter:site\" content=\"@artipelag\" \/>\n<meta name=\"twitter:label1\" content=\"Written by\" \/>\n\t<meta name=\"twitter:data1\" content=\"Josefin Sahlin\" \/>\n\t<meta name=\"twitter:label2\" content=\"Est. reading time\" \/>\n\t<meta name=\"twitter:data2\" content=\"4 minutes\" \/>\n<script type=\"application\/ld+json\" class=\"yoast-schema-graph\">{\"@context\":\"https:\/\/schema.org\",\"@graph\":[{\"@type\":\"Article\",\"@id\":\"https:\/\/artipelag.se\/en\/news\/easter-at-artipelag\/#article\",\"isPartOf\":{\"@id\":\"https:\/\/artipelag.se\/en\/news\/easter-at-artipelag\/\"},\"author\":{\"name\":\"Josefin Sahlin\",\"@id\":\"https:\/\/artipelag.se\/en\/#\/schema\/person\/1f4a8402f7c223aa7e8baf2320681723\"},\"headline\":\"Easter at Artipelag\",\"datePublished\":\"2016-03-20T12:52:03+00:00\",\"dateModified\":\"2021-09-28T15:05:20+00:00\",\"mainEntityOfPage\":{\"@id\":\"https:\/\/artipelag.se\/en\/news\/easter-at-artipelag\/\"},\"wordCount\":776,\"publisher\":{\"@id\":\"https:\/\/artipelag.se\/en\/#organization\"},\"image\":{\"@id\":\"https:\/\/artipelag.se\/en\/news\/easter-at-artipelag\/#primaryimage\"},\"thumbnailUrl\":\"https:\/\/cdn.artipelag.se\/app\/uploads\/2016\/03\/godis-workshop-samuel-1214x805-px.jpg?strip=all\",\"articleSection\":[\"News\"],\"inLanguage\":\"en-US\"},{\"@type\":\"WebPage\",\"@id\":\"https:\/\/artipelag.se\/en\/news\/easter-at-artipelag\/\",\"url\":\"https:\/\/artipelag.se\/en\/news\/easter-at-artipelag\/\",\"name\":\"Easter at Artipelag - Artipelag\",\"isPartOf\":{\"@id\":\"https:\/\/artipelag.se\/en\/#website\"},\"primaryImageOfPage\":{\"@id\":\"https:\/\/artipelag.se\/en\/news\/easter-at-artipelag\/#primaryimage\"},\"image\":{\"@id\":\"https:\/\/artipelag.se\/en\/news\/easter-at-artipelag\/#primaryimage\"},\"thumbnailUrl\":\"https:\/\/cdn.artipelag.se\/app\/uploads\/2016\/03\/godis-workshop-samuel-1214x805-px.jpg?strip=all\",\"datePublished\":\"2016-03-20T12:52:03+00:00\",\"dateModified\":\"2021-09-28T15:05:20+00:00\",\"breadcrumb\":{\"@id\":\"https:\/\/artipelag.se\/en\/news\/easter-at-artipelag\/#breadcrumb\"},\"inLanguage\":\"en-US\",\"potentialAction\":[{\"@type\":\"ReadAction\",\"target\":[\"https:\/\/artipelag.se\/en\/news\/easter-at-artipelag\/\"]}]},{\"@type\":\"ImageObject\",\"inLanguage\":\"en-US\",\"@id\":\"https:\/\/artipelag.se\/en\/news\/easter-at-artipelag\/#primaryimage\",\"url\":\"https:\/\/cdn.artipelag.se\/app\/uploads\/2016\/03\/godis-workshop-samuel-1214x805-px.jpg?strip=all\",\"contentUrl\":\"https:\/\/cdn.artipelag.se\/app\/uploads\/2016\/03\/godis-workshop-samuel-1214x805-px.jpg?strip=all\",\"width\":1214,\"height\":805},{\"@type\":\"BreadcrumbList\",\"@id\":\"https:\/\/artipelag.se\/en\/news\/easter-at-artipelag\/#breadcrumb\",\"itemListElement\":[{\"@type\":\"ListItem\",\"position\":1,\"name\":\"Hem\",\"item\":\"https:\/\/artipelag.se\/en\/\"},{\"@type\":\"ListItem\",\"position\":2,\"name\":\"Easter at Artipelag\"}]},{\"@type\":\"WebSite\",\"@id\":\"https:\/\/artipelag.se\/en\/#website\",\"url\":\"https:\/\/artipelag.se\/en\/\",\"name\":\"Artipelag\",\"description\":\"Artipelag is a new international venue for art, good food, events and activities \u2013 beautifully set on V\u00e4rmd\u00f6 in the Stockholm Archipelago, just 20 minutes from the city centre.\",\"publisher\":{\"@id\":\"https:\/\/artipelag.se\/en\/#organization\"},\"potentialAction\":[{\"@type\":\"SearchAction\",\"target\":{\"@type\":\"EntryPoint\",\"urlTemplate\":\"https:\/\/artipelag.se\/en\/?s={search_term_string}\"},\"query-input\":{\"@type\":\"PropertyValueSpecification\",\"valueRequired\":true,\"valueName\":\"search_term_string\"}}],\"inLanguage\":\"en-US\"},{\"@type\":\"Organization\",\"@id\":\"https:\/\/artipelag.se\/en\/#organization\",\"name\":\"Artipelag\",\"url\":\"https:\/\/artipelag.se\/en\/\",\"logo\":{\"@type\":\"ImageObject\",\"inLanguage\":\"en-US\",\"@id\":\"https:\/\/artipelag.se\/en\/#\/schema\/logo\/image\/\",\"url\":\"https:\/\/artipelag.se\/app\/uploads\/2015\/09\/logga2.jpg\",\"contentUrl\":\"https:\/\/artipelag.se\/app\/uploads\/2015\/09\/logga2.jpg\",\"width\":700,\"height\":700,\"caption\":\"Artipelag\"},\"image\":{\"@id\":\"https:\/\/artipelag.se\/en\/#\/schema\/logo\/image\/\"},\"sameAs\":[\"https:\/\/www.facebook.com\/artipelag\/\",\"https:\/\/x.com\/artipelag\",\"https:\/\/www.instagram.com\/artipelag\/\",\"https:\/\/www.linkedin.com\/company\/artipelag\",\"https:\/\/www.youtube.com\/user\/ArtipelagSweden\"]},{\"@type\":\"Person\",\"@id\":\"https:\/\/artipelag.se\/en\/#\/schema\/person\/1f4a8402f7c223aa7e8baf2320681723\",\"name\":\"Josefin Sahlin\",\"image\":{\"@type\":\"ImageObject\",\"inLanguage\":\"en-US\",\"@id\":\"https:\/\/artipelag.se\/en\/#\/schema\/person\/image\/\",\"url\":\"https:\/\/secure.gravatar.com\/avatar\/3a174affee3218a87e274e6ef4d284ae88ca8d3334ddb3b2a466a9f832bd130b?s=96&d=mm&r=g\",\"contentUrl\":\"https:\/\/secure.gravatar.com\/avatar\/3a174affee3218a87e274e6ef4d284ae88ca8d3334ddb3b2a466a9f832bd130b?s=96&d=mm&r=g\",\"caption\":\"Josefin Sahlin\"}}]}<\/script>\n<!-- \/ Yoast SEO Premium plugin. -->","yoast_head_json":{"title":"Easter at Artipelag - Artipelag","robots":{"index":"index","follow":"follow","max-snippet":"max-snippet:-1","max-image-preview":"max-image-preview:large","max-video-preview":"max-video-preview:-1"},"canonical":"https:\/\/artipelag.se\/en\/news\/easter-at-artipelag\/","og_locale":"en_US","og_type":"article","og_title":"Easter at Artipelag","og_description":"During Easter at Artipelag we offer several entertaining activities. Family tour March 29 \u2013 April 3 Big or small, young or old, we welcome you all to a guided tour of Artipelag; learn more about the architecture, nature and the founder\u2019s visions. The tours are held at 2 pm-2.45 pm, please gather by the Information &hellip; Continued","og_url":"https:\/\/artipelag.se\/en\/news\/easter-at-artipelag\/","og_site_name":"Artipelag","article_publisher":"https:\/\/www.facebook.com\/artipelag\/","article_published_time":"2016-03-20T12:52:03+00:00","article_modified_time":"2021-09-28T15:05:20+00:00","og_image":[{"width":1214,"height":805,"url":"https:\/\/artipelag.se\/app\/uploads\/2016\/03\/godis-workshop-samuel-1214x805-px.jpg","type":"image\/jpeg"}],"author":"Josefin Sahlin","twitter_card":"summary_large_image","twitter_creator":"@artipelag","twitter_site":"@artipelag","twitter_misc":{"Written by":"Josefin Sahlin","Est. reading time":"4 minutes"},"schema":{"@context":"https:\/\/schema.org","@graph":[{"@type":"Article","@id":"https:\/\/artipelag.se\/en\/news\/easter-at-artipelag\/#article","isPartOf":{"@id":"https:\/\/artipelag.se\/en\/news\/easter-at-artipelag\/"},"author":{"name":"Josefin Sahlin","@id":"https:\/\/artipelag.se\/en\/#\/schema\/person\/1f4a8402f7c223aa7e8baf2320681723"},"headline":"Easter at Artipelag","datePublished":"2016-03-20T12:52:03+00:00","dateModified":"2021-09-28T15:05:20+00:00","mainEntityOfPage":{"@id":"https:\/\/artipelag.se\/en\/news\/easter-at-artipelag\/"},"wordCount":776,"publisher":{"@id":"https:\/\/artipelag.se\/en\/#organization"},"image":{"@id":"https:\/\/artipelag.se\/en\/news\/easter-at-artipelag\/#primaryimage"},"thumbnailUrl":"https:\/\/cdn.artipelag.se\/app\/uploads\/2016\/03\/godis-workshop-samuel-1214x805-px.jpg?strip=all","articleSection":["News"],"inLanguage":"en-US"},{"@type":"WebPage","@id":"https:\/\/artipelag.se\/en\/news\/easter-at-artipelag\/","url":"https:\/\/artipelag.se\/en\/news\/easter-at-artipelag\/","name":"Easter at Artipelag - Artipelag","isPartOf":{"@id":"https:\/\/artipelag.se\/en\/#website"},"primaryImageOfPage":{"@id":"https:\/\/artipelag.se\/en\/news\/easter-at-artipelag\/#primaryimage"},"image":{"@id":"https:\/\/artipelag.se\/en\/news\/easter-at-artipelag\/#primaryimage"},"thumbnailUrl":"https:\/\/cdn.artipelag.se\/app\/uploads\/2016\/03\/godis-workshop-samuel-1214x805-px.jpg?strip=all","datePublished":"2016-03-20T12:52:03+00:00","dateModified":"2021-09-28T15:05:20+00:00","breadcrumb":{"@id":"https:\/\/artipelag.se\/en\/news\/easter-at-artipelag\/#breadcrumb"},"inLanguage":"en-US","potentialAction":[{"@type":"ReadAction","target":["https:\/\/artipelag.se\/en\/news\/easter-at-artipelag\/"]}]},{"@type":"ImageObject","inLanguage":"en-US","@id":"https:\/\/artipelag.se\/en\/news\/easter-at-artipelag\/#primaryimage","url":"https:\/\/cdn.artipelag.se\/app\/uploads\/2016\/03\/godis-workshop-samuel-1214x805-px.jpg?strip=all","contentUrl":"https:\/\/cdn.artipelag.se\/app\/uploads\/2016\/03\/godis-workshop-samuel-1214x805-px.jpg?strip=all","width":1214,"height":805},{"@type":"BreadcrumbList","@id":"https:\/\/artipelag.se\/en\/news\/easter-at-artipelag\/#breadcrumb","itemListElement":[{"@type":"ListItem","position":1,"name":"Hem","item":"https:\/\/artipelag.se\/en\/"},{"@type":"ListItem","position":2,"name":"Easter at Artipelag"}]},{"@type":"WebSite","@id":"https:\/\/artipelag.se\/en\/#website","url":"https:\/\/artipelag.se\/en\/","name":"Artipelag","description":"Artipelag is a new international venue for art, good food, events and activities \u2013 beautifully set on V\u00e4rmd\u00f6 in the Stockholm Archipelago, just 20 minutes from the city centre.","publisher":{"@id":"https:\/\/artipelag.se\/en\/#organization"},"potentialAction":[{"@type":"SearchAction","target":{"@type":"EntryPoint","urlTemplate":"https:\/\/artipelag.se\/en\/?s={search_term_string}"},"query-input":{"@type":"PropertyValueSpecification","valueRequired":true,"valueName":"search_term_string"}}],"inLanguage":"en-US"},{"@type":"Organization","@id":"https:\/\/artipelag.se\/en\/#organization","name":"Artipelag","url":"https:\/\/artipelag.se\/en\/","logo":{"@type":"ImageObject","inLanguage":"en-US","@id":"https:\/\/artipelag.se\/en\/#\/schema\/logo\/image\/","url":"https:\/\/artipelag.se\/app\/uploads\/2015\/09\/logga2.jpg","contentUrl":"https:\/\/artipelag.se\/app\/uploads\/2015\/09\/logga2.jpg","width":700,"height":700,"caption":"Artipelag"},"image":{"@id":"https:\/\/artipelag.se\/en\/#\/schema\/logo\/image\/"},"sameAs":["https:\/\/www.facebook.com\/artipelag\/","https:\/\/x.com\/artipelag","https:\/\/www.instagram.com\/artipelag\/","https:\/\/www.linkedin.com\/company\/artipelag","https:\/\/www.youtube.com\/user\/ArtipelagSweden"]},{"@type":"Person","@id":"https:\/\/artipelag.se\/en\/#\/schema\/person\/1f4a8402f7c223aa7e8baf2320681723","name":"Josefin Sahlin","image":{"@type":"ImageObject","inLanguage":"en-US","@id":"https:\/\/artipelag.se\/en\/#\/schema\/person\/image\/","url":"https:\/\/secure.gravatar.com\/avatar\/3a174affee3218a87e274e6ef4d284ae88ca8d3334ddb3b2a466a9f832bd130b?s=96&d=mm&r=g","contentUrl":"https:\/\/secure.gravatar.com\/avatar\/3a174affee3218a87e274e6ef4d284ae88ca8d3334ddb3b2a466a9f832bd130b?s=96&d=mm&r=g","caption":"Josefin Sahlin"}}]}},"_links":{"self":[{"href":"https:\/\/artipelag.se\/en\/wp-json\/wp\/v2\/posts\/12215","targetHints":{"allow":["GET"]}}],"collection":[{"href":"https:\/\/artipelag.se\/en\/wp-json\/wp\/v2\/posts"}],"about":[{"href":"https:\/\/artipelag.se\/en\/wp-json\/wp\/v2\/types\/post"}],"author":[{"embeddable":true,"href":"https:\/\/artipelag.se\/en\/wp-json\/wp\/v2\/users\/24"}],"replies":[{"embeddable":true,"href":"https:\/\/artipelag.se\/en\/wp-json\/wp\/v2\/comments?post=12215"}],"version-history":[{"count":8,"href":"https:\/\/artipelag.se\/en\/wp-json\/wp\/v2\/posts\/12215\/revisions"}],"predecessor-version":[{"id":44409,"href":"https:\/\/artipelag.se\/en\/wp-json\/wp\/v2\/posts\/12215\/revisions\/44409"}],"wp:featuredmedia":[{"embeddable":true,"href":"https:\/\/artipelag.se\/en\/wp-json\/wp\/v2\/media\/12458"}],"wp:attachment":[{"href":"https:\/\/artipelag.se\/en\/wp-json\/wp\/v2\/media?parent=12215"}],"wp:term":[{"taxonomy":"category","embeddable":true,"href":"https:\/\/artipelag.se\/en\/wp-json\/wp\/v2\/categories?post=12215"},{"taxonomy":"post_tag","embeddable":true,"href":"https:\/\/artipelag.se\/en\/wp-json\/wp\/v2\/tags?post=12215"}],"curies":[{"name":"wp","href":"https:\/\/api.w.org\/{rel}","templated":true}]}}